{"id":2880089,"date":"2017-08-02T15:56:14","date_gmt":"2017-08-02T22:56:14","guid":{"rendered":"http:\/\/agpnoticias.com\/news\/?p=2880089"},"modified":"2017-08-02T15:58:38","modified_gmt":"2017-08-02T22:58:38","slug":"gerente-de-marineros-esperaba-coronacion-el-martes-pero-valora-reaccion","status":"publish","type":"post","link":"https:\/\/agpnoticias.com\/news\/?p=2880089","title":{"rendered":"Gerente de Marineros esperaba coronaci\u00f3n el martes, pero valora reacci\u00f3n"},"content":{"rendered":"<p>Ensenada, Baja California.- El semblante del gerente de Marineros, solitario y todav\u00eda asimilando lo sucedido momentos antes sobre el terreno de juego, evidenci\u00f3 el \u00e1nimo imperante dentro de la caseta local tras la derrota en el sexto juego de la serie de campeonato.<\/p>\n<p>\u201cNo se dio el resultado que esper\u00e1bamos, por algunos detalles. Aqu\u00ed el que no comete errores es el que no juega y as\u00ed se pagan las consecuencias\u201d, lament\u00f3 Jos\u00e9 \u00c1guila S\u00e1ndez frente a la posibilidad que escap\u00f3 en el sentido de consumar la serie ante Algodoneros de San Luis el martes por la noche.<\/p>\n<p>Frente al juego definitivo, el mi\u00e9rcoles en el deportivo Antonio Palacios, dijo: \u201cEstoy tranquilo porque, aun perdiendo, el equipo tuvo una buena reacci\u00f3n en un juego donde hubo bateo de los dos lados, pero fall\u00f3 nuestro pitcheo\u201d.<\/p>\n<p>\u201cSab\u00edamos que ser\u00eda una serie dif\u00edcil y tambi\u00e9n sabemos que el s\u00e9ptimo juego no ser\u00e1 f\u00e1cil, pero vamos con uno de nuestros mejores lanzadores de la temporada (Arturo Florentino) y todos los relevos descansados y disponibles\u201d, afirm\u00f3.<\/p>\n<p>El directivo de Marineros consider\u00f3 que con el apoyo de la afici\u00f3n y el paso consistente de Marineros a lo largo de la temporada, el t\u00edtulo podr\u00eda ser celebrado esta noche.<\/p>\n<p>\u201cCreo que, sin estar confiados, existe tranquilidad para reflexionar lo que pas\u00f3 hoy (martes) y no suceda de nuevo\u201d, concluy\u00f3.<\/p>\n","protected":false},"excerpt":{"rendered":"<p>Ensenada, Baja California.- El semblante del gerente de Marineros, solitario y todav\u00eda asimilando lo sucedido&#8230;<\/p>\n","protected":false},"author":1,"featured_media":2880091,"comment_status":"open","ping_status":"closed","sticky":false,"template":"","format":"standard","meta":{"footnotes":""},"categories":[30,7,18],"tags":[595],"class_list":["post-2880089","post","type-post","status-publish","format-standard","has-post-thumbnail","hentry","category-beisbol","category-deportes","category-marineros-de-ensenada","tag-destacado"],"_links":{"self":[{"href":"https:\/\/agpnoticias.com\/news\/index.php?rest_route=\/wp\/v2\/posts\/2880089","targetHints":{"allow":["GET"]}}],"collection":[{"href":"https:\/\/agpnoticias.com\/news\/index.php?rest_route=\/wp\/v2\/posts"}],"about":[{"href":"https:\/\/agpnoticias.com\/news\/index.php?rest_route=\/wp\/v2\/types\/post"}],"author":[{"embeddable":true,"href":"https:\/\/agpnoticias.com\/news\/index.php?rest_route=\/wp\/v2\/users\/1"}],"replies":[{"embeddable":true,"href":"https:\/\/agpnoticias.com\/news\/index.php?rest_route=%2Fwp%2Fv2%2Fcomments&post=2880089"}],"version-history":[{"count":1,"href":"https:\/\/agpnoticias.com\/news\/index.php?rest_route=\/wp\/v2\/posts\/2880089\/revisions"}],"predecessor-version":[{"id":2880090,"href":"https:\/\/agpnoticias.com\/news\/index.php?rest_route=\/wp\/v2\/posts\/2880089\/revisions\/2880090"}],"wp:featuredmedia":[{"embeddable":true,"href":"https:\/\/agpnoticias.com\/news\/index.php?rest_route=\/wp\/v2\/media\/2880091"}],"wp:attachment":[{"href":"https:\/\/agpnoticias.com\/news\/index.php?rest_route=%2Fwp%2Fv2%2Fmedia&parent=2880089"}],"wp:term":[{"taxonomy":"category","embeddable":true,"href":"https:\/\/agpnoticias.com\/news\/index.php?rest_route=%2Fwp%2Fv2%2Fcategories&post=2880089"},{"taxonomy":"post_tag","embeddable":true,"href":"https:\/\/agpnoticias.com\/news\/index.php?rest_route=%2Fwp%2Fv2%2Ftags&post=2880089"}],"curies":[{"name":"wp","href":"https:\/\/api.w.org\/{rel}","templated":true}]}}