{"id":2880378,"date":"2017-08-09T16:50:07","date_gmt":"2017-08-09T23:50:07","guid":{"rendered":"http:\/\/agpnoticias.com\/news\/?p=2880378"},"modified":"2017-11-07T08:13:49","modified_gmt":"2017-11-07T16:13:49","slug":"el-tres-veces-olimpico-jose-reyes-ronfini-dice-adios-al-arbitraje","status":"publish","type":"post","link":"https:\/\/agpnoticias.com\/news\/?p=2880378","title":{"rendered":"El tres veces ol\u00edmpico Jos\u00e9 Reyes Ronfini dice adi\u00f3s al arbitraje"},"content":{"rendered":"<p>Ensenada, Baja California.- Es el ensenadense que, como representante de M\u00e9xico, m\u00e1s alto ha llegado en Juegos Ol\u00edmpicos.<\/p>\n<p>Dentro de su especialidad, el arbitraje, Jos\u00e9 Reyes Ronfini particip\u00f3 en tres Juegos Ol\u00edmpicos (Atlante 1996, Atenas 2004 y R\u00edo 2016), con la misma cantidad de finales de baloncesto pitadas.<\/p>\n<p>A sus 45 a\u00f1os el internacional por M\u00e9xico se encontraba en la disyuntiva de alargar su carrera como \u00e1rbitro.<\/p>\n<p>Y hubo de llegar una oferta de trabajo lo suficientemente atractiva para que decidiera colgar el silbato.<\/p>\n<p>\u201cEl 9 de diciembre (de 2016) hubo una reuni\u00f3n en la Ademeba (Asociaci\u00f3n Deportiva Mexicana de Basquetbol) y se dio el cambio de poderes en el bur\u00f3 central con el nombramiento del nuevo presidente Gilberto Hern\u00e1ndez y tambi\u00e9n el m\u00edo como gerente general\u201d, inform\u00f3.<\/p>\n<p>De su nueva responsabilidad dentro del \u00f3rgano federado y oficial del baloncesto en M\u00e9xico, precis\u00f3 que \u201cva m\u00e1s all\u00e1 del arbitraje\u201d e \u201cimplica todo lo que hace que la pelota bote\u201d.<\/p>\n<p>En consecuencia, el retiro como \u00e1rbitro, aun con cierta resistencia de su parte, tuvo que llegar.<\/p>\n<p>\u201cYa hab\u00eda pensado esto de dar un paso adelante hacia lo administrativo. Esperaba que tardara un poco m\u00e1s pero las oportunidades tocaron a la puerta y la abr\u00ed\u201d, explic\u00f3.<\/p>\n<p>Incluso pens\u00f3 en aceptar la invitaci\u00f3n a pitar en el Campeonato Europeo de Baloncesto (Eurobasket), pero sus nuevas funciones se cruzaron con el proceso de preparaci\u00f3n de la selecci\u00f3n nacional rumbo a esa justa.<\/p>\n<p>\u201cNo pude enlazar los tiempos porque tengo que estar con la selecci\u00f3n mexicana que competir\u00e1 en el torneo de FIBA (Federaci\u00f3n Internacional de Balocesto), AmeriCup, en Medell\u00edn, Colombia, desde el 25 de agosto\u201d, agreg\u00f3.<\/p>\n<p><strong>Cambio de residencia<\/strong><\/p>\n<p>Por siete meses, Jos\u00e9 Reyes Ronfini ha viajado de la Ciudad de M\u00e9xico a su natal Ensenada, donde reside su familia, lo que cambiar\u00e1 a partir de la pr\u00f3xima semana.<\/p>\n<p>\u201cNo podr\u00eda dejar a mi familia. Me voy en unos d\u00edas m\u00e1s y mi esposa y mis hijos me alcanzar\u00e1n en enero. Es un trabajo de 24 horas los siete d\u00edas de la semana y me exige estar en (Ciudad de) M\u00e9xico\u201d, precis\u00f3.<\/p>\n<p>El tres veces ol\u00edmpico dijo sentirse \u201centusiasmado por poder desarrollar un trabajo que conoc\u00eda de lejos y que viene a convertirse en un reto m\u00e1s de tantos que han llegado\u201d.<\/p>\n<p>En ese sentido, destac\u00f3 la comunicaci\u00f3n existente con el presidente de Ademeba, Gilberto Hern\u00e1ndez, quien \u201cha palomeado todo lo que he propuesto en los siete meses de trabajo conjunto, siempre haciendo las observaciones necesarias\u201d.<\/p>\n<p>El trabajo de la asociaci\u00f3n para la que trabaja, sostuvo, \u201cha evolucionado con el apoyo de las autoridades federales como Conade en su parte operativa\u201d.<\/p>\n<p>\u201cEs una nueva estructura y el pr\u00f3ximo a\u00f1o creo que podremos contar con muy buenas selecciones. Puedo garantizar que habr\u00e1 una estructura s\u00f3lida con la participaci\u00f3n de M\u00e9xico en todos los eventos internacionales.<\/p>\n<p>\u201cSeremos cuidadosos de establecer un proceso transparente en la selecci\u00f3n de nuestros jugadores, con mediciones claras a trav\u00e9s de metod\u00f3logos que trabajar\u00e1n junto a los entrenadores, que es lo que nos faltaba en todas las categor\u00edas\u201d, detall\u00f3.<\/p>\n<p>Y confi\u00f3 que \u201cen lo deportivo a M\u00e9xico empezar\u00e1 a irle mejor\u201d, aunque \u201cen el continente hay pa\u00edses que trabajan muy bien y que vendr\u00e1n a ser una competencia dura, muy fuerte\u201d.<\/p>\n","protected":false},"excerpt":{"rendered":"<p>Ensenada, Baja California.- Es el ensenadense que, como representante de M\u00e9xico, m\u00e1s alto ha llegado&#8230;<\/p>\n","protected":false},"author":1,"featured_media":2880379,"comment_status":"open","ping_status":"closed","sticky":false,"template":"","format":"standard","meta":{"footnotes":""},"categories":[35,7],"tags":[876,859],"class_list":["post-2880378","post","type-post","status-publish","format-standard","has-post-thumbnail","hentry","category-basquetbol","category-deportes","tag-historias","tag-portada"],"_links":{"self":[{"href":"https:\/\/agpnoticias.com\/news\/index.php?rest_route=\/wp\/v2\/posts\/2880378","targetHints":{"allow":["GET"]}}],"collection":[{"href":"https:\/\/agpnoticias.com\/news\/index.php?rest_route=\/wp\/v2\/posts"}],"about":[{"href":"https:\/\/agpnoticias.com\/news\/index.php?rest_route=\/wp\/v2\/types\/post"}],"author":[{"embeddable":true,"href":"https:\/\/agpnoticias.com\/news\/index.php?rest_route=\/wp\/v2\/users\/1"}],"replies":[{"embeddable":true,"href":"https:\/\/agpnoticias.com\/news\/index.php?rest_route=%2Fwp%2Fv2%2Fcomments&post=2880378"}],"version-history":[{"count":1,"href":"https:\/\/agpnoticias.com\/news\/index.php?rest_route=\/wp\/v2\/posts\/2880378\/revisions"}],"predecessor-version":[{"id":2880380,"href":"https:\/\/agpnoticias.com\/news\/index.php?rest_route=\/wp\/v2\/posts\/2880378\/revisions\/2880380"}],"wp:featuredmedia":[{"embeddable":true,"href":"https:\/\/agpnoticias.com\/news\/index.php?rest_route=\/wp\/v2\/media\/2880379"}],"wp:attachment":[{"href":"https:\/\/agpnoticias.com\/news\/index.php?rest_route=%2Fwp%2Fv2%2Fmedia&parent=2880378"}],"wp:term":[{"taxonomy":"category","embeddable":true,"href":"https:\/\/agpnoticias.com\/news\/index.php?rest_route=%2Fwp%2Fv2%2Fcategories&post=2880378"},{"taxonomy":"post_tag","embeddable":true,"href":"https:\/\/agpnoticias.com\/news\/index.php?rest_route=%2Fwp%2Fv2%2Ftags&post=2880378"}],"curies":[{"name":"wp","href":"https:\/\/api.w.org\/{rel}","templated":true}]}}