{"id":2880878,"date":"2017-08-24T15:44:43","date_gmt":"2017-08-24T22:44:43","guid":{"rendered":"http:\/\/agpnoticias.com\/news\/?p=2880878"},"modified":"2017-12-12T11:29:10","modified_gmt":"2017-12-12T19:29:10","slug":"hector-toro-velazquez-ingresa-a-cetys-como-bicampeon-nacional-sub15","status":"publish","type":"post","link":"https:\/\/agpnoticias.com\/news\/?p=2880878","title":{"rendered":"H\u00e9ctor \u00abToro\u00bb Vel\u00e1zquez ingresa a CETYS como bicampe\u00f3n nacional Sub15"},"content":{"rendered":"<p>Ensenada, Baja California.-\u00a0Mejores noticias no pudo presentar H\u00e9ctor Manuel Vel\u00e1zquez Mart\u00ednez como nuevo estudiante de preparatoria en CETYS Universidad Campus Internacional Ensenada.<\/p>\n<p>El basquetbolista nacido el 29 de enero de 2002 form\u00f3 parte de la selecci\u00f3n de Baja California, bicampeona, con paso invicto durante el Campeonato Nacional Sub15 disputado en Aguascalientes.<\/p>\n<p>Adem\u00e1s, en t\u00e9rminos individuales, el \u201cToro\u201d, como es conocido en el medio local, fue designado Jugador M\u00e1s Valioso del certamen avalado por la Asociaci\u00f3n Deportiva Mexicana de Baloncesto (Ademeba) por segundo a\u00f1o en fila.<\/p>\n<p>\u201cEl estatal lo gan\u00f3 Tijuana, pero nos llamaron a 22 jugadores y despu\u00e9s de los cortes qued\u00e9 entre los 12 seleccionados. Juego de ala y creo que respond\u00ed a la confianza del entrenador Gilberto Garc\u00eda de Mexicali, igual a mis compa\u00f1eros\u201d, consider\u00f3.<\/p>\n<p>La base del seleccionado fue Tijuana con cuatro elementos de Ensenada, entre los que \u00e9l fue base del triunfo.<\/p>\n<p>Sobre el paso de Baja California en el nacional, precis\u00f3 que gan\u00f3 sus encuentros de la primera fase sobre Nayarit, Sinaloa y Sonora, mientras que en octavos de final pas\u00f3 por encima de Oaxaca y entonces lleg\u00f3 \u201cla final adelantada\u201d.<\/p>\n<p>\u201cEn cuartos de final nos toc\u00f3 Chihuahua y le ganamos por un punto en un juegazo. Ya la semifinal y la final, despu\u00e9s de la final adelantada, los ganamos m\u00e1s tranquilos. Primero fue Michoac\u00e1n y despu\u00e9s ganamos a Sinaloa por 64-46\u201d, explic\u00f3.<\/p>\n<p><strong>CETYS<\/strong><\/p>\n<p>Desde los ocho a\u00f1os, H\u00e9ctor Manuel Vel\u00e1zquez sobresali\u00f3 como basquetbolista con el Colegio M\u00e9xico y m\u00e1s tarde madur\u00f3 por seis a\u00f1os con el equipo Leones de Jorge Soto.<\/p>\n<p>Entonces lleg\u00f3 la oportunidad de combinar su talento deportivo con un programa educativo que le satisfizo.<\/p>\n<p>\u201cEstoy empezando primer semestre y quise venir por la calidad acad\u00e9mica que CETYS ofrece porque no todo en la vida es basquetbol. Tambi\u00e9n fue importante el programa de basquetbol\u201d, reconoci\u00f3.<\/p>\n<figure id=\"attachment_2880895\" aria-describedby=\"caption-attachment-2880895\" style=\"width: 600px\" class=\"wp-caption aligncenter\"><a href=\"http:\/\/agpnoticias.com\/news\/hector-toro-velazquez-ingresa-a-cetys-como-bicampeon-nacional-sub15\/dsc00410\/\" rel=\"attachment wp-att-2880895\"><img fetchpriority=\"high\" decoding=\"async\" class=\"size-full wp-image-2880895\" src=\"http:\/\/agpnoticias.com\/news\/wp-content\/uploads\/2017\/08\/DSC00410-e1503600231354.jpg\" alt=\"\" width=\"600\" height=\"402\" \/><\/a><figcaption id=\"caption-attachment-2880895\" class=\"wp-caption-text\">H\u00e9ctor Vel\u00e1zquez junto a Alejandro Ortiz<\/figcaption><\/figure>\n<p><strong>Tino en la elecci\u00f3n<\/strong><\/p>\n<p>Alejandro Ortiz, responsable de actividades deportivas en CETYS Universidad Campus Internacional Ensenada, destac\u00f3 \u201clo acertado de haber incorporado a H\u00e9ctor\u201d<\/p>\n<p>\u201cNos fijamos mucho en el nivel acad\u00e9mico, no s\u00f3lo el deportivo, y H\u00e9ctor cumple con ambos. Es un excelente estudiante con promedio sobresaliente, egresado del Colegio M\u00e9xico. Y estamos confirmando que no nos equivocamos con \u00e9l.<\/p>\n<p>\u201cEs un jugador que siempre se ha caracterizado por su personalidad dentro de la cancha. Lo dirig\u00ed como seleccionado de Baja California en la Olimpiada Nacional donde obtuvimos plata con una notable actuaci\u00f3n suya. Es un l\u00edder tanto dentro como fuera de la duela\u201d, reconoci\u00f3.<\/p>\n<p>El tambi\u00e9n entrenador de baloncesto sostuvo que el bicampe\u00f3n nacional \u201cllega a sumar al proyecto de CETYS Preparatoria para obtener los mejores logros\u201d.<\/p>\n<p>\u201cJuega de 2 y de 3, es un excelente defensa de garra y entrega, tambi\u00e9n tiene buen tiro de tres puntos, juega para el equipo, as\u00ed que es uno de los mejores reclutamientos\u201d, afirm\u00f3.<\/p>\n<p>Entre las prioridades del equipo de baloncesto de Cetys Preparatoria, su responsable subray\u00f3 la eliminatoria de Conadeip.<\/p>\n<p>H\u00e9ctor Vel\u00e1zquez, adem\u00e1s, tendr\u00e1 la oportunidad de participar en el juego inaugural del nuevo gimnasio-auditorio de Cetys Universidad Campus Internacional Ensenada el viernes 8 de septiembre en un partido de car\u00e1cter amistoso ante CETYS Tijuana.<\/p>\n","protected":false},"excerpt":{"rendered":"<p>Ensenada, Baja California.-\u00a0Mejores noticias no pudo presentar H\u00e9ctor Manuel Vel\u00e1zquez Mart\u00ednez como nuevo estudiante de&#8230;<\/p>\n","protected":false},"author":1,"featured_media":2880894,"comment_status":"open","ping_status":"closed","sticky":false,"template":"","format":"standard","meta":{"footnotes":""},"categories":[35,879,704,7],"tags":[595],"class_list":["post-2880878","post","type-post","status-publish","format-standard","has-post-thumbnail","hentry","category-basquetbol","category-cetys-universidad","category-deporte-estudiantil","category-deportes","tag-destacado"],"_links":{"self":[{"href":"https:\/\/agpnoticias.com\/news\/index.php?rest_route=\/wp\/v2\/posts\/2880878","targetHints":{"allow":["GET"]}}],"collection":[{"href":"https:\/\/agpnoticias.com\/news\/index.php?rest_route=\/wp\/v2\/posts"}],"about":[{"href":"https:\/\/agpnoticias.com\/news\/index.php?rest_route=\/wp\/v2\/types\/post"}],"author":[{"embeddable":true,"href":"https:\/\/agpnoticias.com\/news\/index.php?rest_route=\/wp\/v2\/users\/1"}],"replies":[{"embeddable":true,"href":"https:\/\/agpnoticias.com\/news\/index.php?rest_route=%2Fwp%2Fv2%2Fcomments&post=2880878"}],"version-history":[{"count":5,"href":"https:\/\/agpnoticias.com\/news\/index.php?rest_route=\/wp\/v2\/posts\/2880878\/revisions"}],"predecessor-version":[{"id":2880900,"href":"https:\/\/agpnoticias.com\/news\/index.php?rest_route=\/wp\/v2\/posts\/2880878\/revisions\/2880900"}],"wp:featuredmedia":[{"embeddable":true,"href":"https:\/\/agpnoticias.com\/news\/index.php?rest_route=\/wp\/v2\/media\/2880894"}],"wp:attachment":[{"href":"https:\/\/agpnoticias.com\/news\/index.php?rest_route=%2Fwp%2Fv2%2Fmedia&parent=2880878"}],"wp:term":[{"taxonomy":"category","embeddable":true,"href":"https:\/\/agpnoticias.com\/news\/index.php?rest_route=%2Fwp%2Fv2%2Fcategories&post=2880878"},{"taxonomy":"post_tag","embeddable":true,"href":"https:\/\/agpnoticias.com\/news\/index.php?rest_route=%2Fwp%2Fv2%2Ftags&post=2880878"}],"curies":[{"name":"wp","href":"https:\/\/api.w.org\/{rel}","templated":true}]}}