{"id":2880901,"date":"2017-08-24T20:50:32","date_gmt":"2017-08-25T03:50:32","guid":{"rendered":"http:\/\/agpnoticias.com\/news\/?p=2880901"},"modified":"2017-08-24T20:51:13","modified_gmt":"2017-08-25T03:51:13","slug":"juan-iturbe-presentado-con-xolos-y-listo-para-debutar","status":"publish","type":"post","link":"https:\/\/agpnoticias.com\/news\/?p=2880901","title":{"rendered":"Juan Iturbe presentado con Xolos y listo para debutar"},"content":{"rendered":"<p>Tijuana, Baja California.- Juan Manuel Iturbe se puso la camiseta Xoloitzcuintle, acto seguido se declar\u00f3 listo para defender los colores del Club Tijuana a partir del presente Torneo Apertura 2017 de la LIGA MX. Este jueves, el delantero sudamericano fue presentado oficialmente en el Estadio Caliente, donde apunt\u00f3 el paso hacia adelante que da en su carrera al arribar al balompi\u00e9 mexicano.<\/p>\n<p>Acompa\u00f1ado por el Director General Deportivo, Ignacio Palou, as\u00ed como el Director Deportivo, Roberto Cornejo, Iturbe se mostr\u00f3 contento por su llegada a la Frontera, donde cumple con una semana de trabajos en el Mictl\u00e1n.<\/p>\n<p>\u00abJuan es un jugador que siempre busca tener el arco de frente, seguramente nos dar\u00e1 muchas satisfacciones, no solo a nosotros como instituci\u00f3n sino a toda la afici\u00f3n, obviamente se suma y es uno m\u00e1s de todo un plantel\u00bb, coment\u00f3 Ignacio Palou en la presentaci\u00f3n.<\/p>\n<p>En tanto, Juan Manuel revel\u00f3 la emoci\u00f3n que le da el llegar a la Frontera de Tijuana.<\/p>\n<figure id=\"attachment_2880903\" aria-describedby=\"caption-attachment-2880903\" style=\"width: 600px\" class=\"wp-caption aligncenter\"><a href=\"http:\/\/agpnoticias.com\/news\/juan-iturbe-presentado-con-xolos-y-listo-para-debutar\/vega7278\/\" rel=\"attachment wp-att-2880903\"><img fetchpriority=\"high\" decoding=\"async\" class=\"size-full wp-image-2880903\" src=\"http:\/\/agpnoticias.com\/news\/wp-content\/uploads\/2017\/08\/VEGA7278-e1503632959189.jpg\" alt=\"\" width=\"600\" height=\"400\" \/><\/a><figcaption id=\"caption-attachment-2880903\" class=\"wp-caption-text\">El futbolista fue presentado por Ignacio Palou<\/figcaption><\/figure>\n<p>\u00abContento, la verdad que es un paso muy bueno en mi carrera, sabemos bien que el futbol mexicano es muy competitivo varios compatriotas m\u00edos est\u00e1n jugado aqu\u00ed y estoy bien informado\u00bb, adelant\u00f3.<\/p>\n<p>\u00abEstuve con H\u00e9ctor Moreno estos \u00faltimos meses en la Roma, estuve concentrado con \u00e9l en casi todos los viajes que hicimos, y cuando tuve la posibilidad de hablarle de Tijuana, siempre me habl\u00f3 muy bien del futbol mexicano, que es muy competitivo y eso me motiv\u00f3 tambi\u00e9n para venir\u00bb, agreg\u00f3.<\/p>\n<p>Iturbe se declar\u00f3 listo en el aspecto f\u00edsico para ser tomado en cuenta por el cuerpo t\u00e9cnico Rojinegro encabezado por el DT Eduardo Coudet.<\/p>\n<p>\u00abEstoy bien, trabajamos mucho en el aspecto f\u00edsico me siento bien, ac\u00e1 llegu\u00e9, me entren\u00e9 ya, para este viernes no s\u00e9 si jugar\u00e9, o si estar\u00e9 en el banco, pero estar\u00e9 disponible\u00bb, concluy\u00f3 el delantero, quien portar\u00e1 el n\u00famero 20 en la espalda.<\/p>\n<figure id=\"attachment_2880904\" aria-describedby=\"caption-attachment-2880904\" style=\"width: 600px\" class=\"wp-caption aligncenter\"><a href=\"http:\/\/agpnoticias.com\/news\/juan-iturbe-presentado-con-xolos-y-listo-para-debutar\/vega7311\/\" rel=\"attachment wp-att-2880904\"><img decoding=\"async\" class=\"size-full wp-image-2880904\" src=\"http:\/\/agpnoticias.com\/news\/wp-content\/uploads\/2017\/08\/VEGA7311-e1503633017375.jpg\" alt=\"\" width=\"600\" height=\"400\" \/><\/a><figcaption id=\"caption-attachment-2880904\" class=\"wp-caption-text\">Iturbe mostr\u00f3 el n\u00famero que llevar\u00e1 sobre la espalda<\/figcaption><\/figure>\n<p><em>Informaci\u00f3n: Club Tijuana Xoloitzcuintles de Caliente.<\/em><\/p>\n","protected":false},"excerpt":{"rendered":"<p>Tijuana, Baja California.- Juan Manuel Iturbe se puso la camiseta Xoloitzcuintle, acto seguido se declar\u00f3&#8230;<\/p>\n","protected":false},"author":1,"featured_media":2880902,"comment_status":"open","ping_status":"closed","sticky":false,"template":"","format":"standard","meta":{"footnotes":""},"categories":[7,32,17],"tags":[595],"class_list":["post-2880901","post","type-post","status-publish","format-standard","has-post-thumbnail","hentry","category-deportes","category-soccer","category-xolos-de-tijuana","tag-destacado"],"_links":{"self":[{"href":"https:\/\/agpnoticias.com\/news\/index.php?rest_route=\/wp\/v2\/posts\/2880901","targetHints":{"allow":["GET"]}}],"collection":[{"href":"https:\/\/agpnoticias.com\/news\/index.php?rest_route=\/wp\/v2\/posts"}],"about":[{"href":"https:\/\/agpnoticias.com\/news\/index.php?rest_route=\/wp\/v2\/types\/post"}],"author":[{"embeddable":true,"href":"https:\/\/agpnoticias.com\/news\/index.php?rest_route=\/wp\/v2\/users\/1"}],"replies":[{"embeddable":true,"href":"https:\/\/agpnoticias.com\/news\/index.php?rest_route=%2Fwp%2Fv2%2Fcomments&post=2880901"}],"version-history":[{"count":2,"href":"https:\/\/agpnoticias.com\/news\/index.php?rest_route=\/wp\/v2\/posts\/2880901\/revisions"}],"predecessor-version":[{"id":2880906,"href":"https:\/\/agpnoticias.com\/news\/index.php?rest_route=\/wp\/v2\/posts\/2880901\/revisions\/2880906"}],"wp:featuredmedia":[{"embeddable":true,"href":"https:\/\/agpnoticias.com\/news\/index.php?rest_route=\/wp\/v2\/media\/2880902"}],"wp:attachment":[{"href":"https:\/\/agpnoticias.com\/news\/index.php?rest_route=%2Fwp%2Fv2%2Fmedia&parent=2880901"}],"wp:term":[{"taxonomy":"category","embeddable":true,"href":"https:\/\/agpnoticias.com\/news\/index.php?rest_route=%2Fwp%2Fv2%2Fcategories&post=2880901"},{"taxonomy":"post_tag","embeddable":true,"href":"https:\/\/agpnoticias.com\/news\/index.php?rest_route=%2Fwp%2Fv2%2Ftags&post=2880901"}],"curies":[{"name":"wp","href":"https:\/\/api.w.org\/{rel}","templated":true}]}}