{"id":2880919,"date":"2017-08-25T11:36:05","date_gmt":"2017-08-25T18:36:05","guid":{"rendered":"http:\/\/agpnoticias.com\/news\/?p=2880919"},"modified":"2017-08-25T21:11:36","modified_gmt":"2017-08-26T04:11:36","slug":"santos-martinez-repuesto-y-renovado-por-sitio-mundialista","status":"publish","type":"post","link":"https:\/\/agpnoticias.com\/news\/?p=2880919","title":{"rendered":"Santos Mart\u00ednez, repuesto y renovado, por sitio mundialista"},"content":{"rendered":"<p>Ensenada, Baja California.- En pleno selectivo a un Mundial empez\u00f3 su camino cuesta arriba. Santos Mart\u00ednez Reyes se rompi\u00f3 el Tend\u00f3n de Aquiles en 2013, antes del Mundial de B\u00e9lgica. Se oper\u00f3, pero, de vuelta al gimnasio, volvi\u00f3 a romperse.<\/p>\n<p>En consecuencia, el pasado fue un ciclo ol\u00edmpico consumido entre cirug\u00edas y terapias.<\/p>\n<p>A los 26 a\u00f1os asegura haber eliminado, f\u00edsica y mentalmente, cualquier secuela.<\/p>\n<p>Y ya se encuentra en la Ciudad de M\u00e9xico para competir en otro selectivo a un Mundial. De especialistas, en este caso. La sede: Vancouver, Canad\u00e1, en octubre.<\/p>\n<p>\u201cSiempre le digo a mis compa\u00f1eros que soy un guerrero. He tenido altibajos pero me he recuperado y \u00e9sta es una nueva oportunidad. He recuperado mi estado f\u00edsico, mi cuerpo est\u00e1 m\u00e1s fuerte y quiero hacer en este ciclo lo que no pude lograr durante el pasado\u201d, coment\u00f3.<\/p>\n<p>A partir del s\u00e1bado, en la Comisi\u00f3n Nacional del Deporte (Conade), Santos Mart\u00ednez ser\u00e1 parta de la delegaci\u00f3n cuyos integrantes ir\u00e1n en b\u00fasqueda de los seis lugares disponibles: dos para el concurso all around y cuatro m\u00e1s para especialistas.<\/p>\n<p>\u201cMe siento bien preparado, el tend\u00f3n est\u00e1 muy bien y ya puedo hacer los ejercicios que hac\u00eda hace cuatro a\u00f1os, antes de lesionarme. Estoy retomando el salto de caballo y siento que es donde estoy m\u00e1s fuerte.<\/p>\n<p>\u201cEn anillos y barras paralelas tambi\u00e9n voy con todo, y arzones y barra (fija) voy a presentarlos para completar el all around\u201d, explic\u00f3.<\/p>\n<p>En el selectivo participar\u00e1n entre 15 y 20 gimnastas para definir los seis que avancen al Mundial. \u201cUbaldo Quesada y Pavel Oceguera me ayudaron en mi preparaci\u00f3n, siguiendo el plan de entrenamiento que he venido llevando\u201d, detall\u00f3.<\/p>\n<p>En espera de calificar a la justa en el selectivo, para luego destacar en Canad\u00e1, Santos Mart\u00ednez apunta al Mundial del pr\u00f3ximo a\u00f1o que ya forma parte del proceso a Juegos Ol\u00edmpicos.<\/p>\n<p>Su trabajo para sobresalir en la gimnasia no s\u00f3lo se da en el \u00e1rea de entrenamiento. Como abogado tiene que alternar su carrera deportiva con el trabajo en un despacho junto a su hermano. \u201cY tambi\u00e9n manejo Uber y doy clases en el gimnasio (Baja Dynamo) para ayudarme, as\u00ed que tengo hasta tres trabajos\u201d.<\/p>\n<p>\u201cLo ideal ser\u00eda dedicarme a entrenar porque lo que quiero es llegar lejos y para eso necesitar\u00eda de seis a ocho horas diarias en doble sesi\u00f3n, pero los apoyos no llegan como antes y hay que buscar alternativas para hacerme de recursos\u201d, se\u00f1al\u00f3.<\/p>\n<p>Santos Mart\u00ednez ser\u00e1 el m\u00e1s experimentado de los gimnastas dentro del selectivo.<\/p>\n<p>\u201cEspero calificar al Mundial para trabajar junto a los compa\u00f1eros m\u00e1s j\u00f3venes que se han integrado al proceso\u201d, concluy\u00f3.<\/p>\n","protected":false},"excerpt":{"rendered":"<p>Ensenada, Baja California.- En pleno selectivo a un Mundial empez\u00f3 su camino cuesta arriba. Santos&#8230;<\/p>\n","protected":false},"author":1,"featured_media":2880927,"comment_status":"open","ping_status":"closed","sticky":false,"template":"","format":"standard","meta":{"footnotes":""},"categories":[73,7,46],"tags":[595],"class_list":["post-2880919","post","type-post","status-publish","format-standard","has-post-thumbnail","hentry","category-deportebajacalifornia","category-deportes","category-gimnasia","tag-destacado"],"_links":{"self":[{"href":"https:\/\/agpnoticias.com\/news\/index.php?rest_route=\/wp\/v2\/posts\/2880919","targetHints":{"allow":["GET"]}}],"collection":[{"href":"https:\/\/agpnoticias.com\/news\/index.php?rest_route=\/wp\/v2\/posts"}],"about":[{"href":"https:\/\/agpnoticias.com\/news\/index.php?rest_route=\/wp\/v2\/types\/post"}],"author":[{"embeddable":true,"href":"https:\/\/agpnoticias.com\/news\/index.php?rest_route=\/wp\/v2\/users\/1"}],"replies":[{"embeddable":true,"href":"https:\/\/agpnoticias.com\/news\/index.php?rest_route=%2Fwp%2Fv2%2Fcomments&post=2880919"}],"version-history":[{"count":1,"href":"https:\/\/agpnoticias.com\/news\/index.php?rest_route=\/wp\/v2\/posts\/2880919\/revisions"}],"predecessor-version":[{"id":2880920,"href":"https:\/\/agpnoticias.com\/news\/index.php?rest_route=\/wp\/v2\/posts\/2880919\/revisions\/2880920"}],"wp:featuredmedia":[{"embeddable":true,"href":"https:\/\/agpnoticias.com\/news\/index.php?rest_route=\/wp\/v2\/media\/2880927"}],"wp:attachment":[{"href":"https:\/\/agpnoticias.com\/news\/index.php?rest_route=%2Fwp%2Fv2%2Fmedia&parent=2880919"}],"wp:term":[{"taxonomy":"category","embeddable":true,"href":"https:\/\/agpnoticias.com\/news\/index.php?rest_route=%2Fwp%2Fv2%2Fcategories&post=2880919"},{"taxonomy":"post_tag","embeddable":true,"href":"https:\/\/agpnoticias.com\/news\/index.php?rest_route=%2Fwp%2Fv2%2Ftags&post=2880919"}],"curies":[{"name":"wp","href":"https:\/\/api.w.org\/{rel}","templated":true}]}}