{"id":2881062,"date":"2017-08-29T23:02:08","date_gmt":"2017-08-30T06:02:08","guid":{"rendered":"http:\/\/agpnoticias.com\/news\/?p=2881062"},"modified":"2017-08-30T16:58:16","modified_gmt":"2017-08-30T23:58:16","slug":"oficial-el-salon-de-la-fama-borrado-del-sullivan","status":"publish","type":"post","link":"https:\/\/agpnoticias.com\/news\/?p=2881062","title":{"rendered":"Oficial: El Sal\u00f3n de la Fama borrado del Sullivan"},"content":{"rendered":"<p>Ensenada, Baja California.- El gobierno municipal, oficialmente, reemplaz\u00f3 al patronato que promueve el Sal\u00f3n de la Fama del Deporte de Ensenada del espacio cedido por la pasada administraci\u00f3n dentro de la unidad deportiva Sullivan.<\/p>\n<p>El martes fue estrenado el equipamiento del espacio vecino, un gimnasio de acondicionamiento f\u00edsico, y ah\u00ed mismo se anunci\u00f3 que el \u00e1rea ocupada por el Sal\u00f3n de la Fama durante el \u00faltimo semestre de 2016 ya ha sido destinada para un fin.<\/p>\n<p>Atletas de capacidades diferentes asistieron como nuevos ocupantes de la instalaci\u00f3n, donde tambi\u00e9n se colocaron bicicletas estacionarias a manera de prolongaci\u00f3n del gimnasio contiguo.<\/p>\n<p>Despu\u00e9s de casi nueve meses sin responder a la solicitud de renovaci\u00f3n del uso de instalaci\u00f3n por parte del patronato del Sal\u00f3n de la Fama, el director del Instituto Municipal del Deporte y Recreaci\u00f3n (Inmudere) argument\u00f3 el reemplazo de ese proyecto.<\/p>\n<p>\u201cPara m\u00ed es importante tener un Sal\u00f3n de la Fama porque brinda una proyecci\u00f3n a los deportistas de la ciudad y apoyaremos al patronato, pero que no me quiten un espacio donde se puedan beneficiar muchos deportistas\u201d, sostuvo Arturo Hern\u00e1ndez Navarro.<\/p>\n<p>En ese sentido, argument\u00f3 que \u201cen el \u00e1rea tambi\u00e9n se establecer\u00e1n escuelas de karate, taekwondo, yoga, bochas para ni\u00f1os de deporte paral\u00edmpico, que es para lo que ven\u00eda predestinado el recurso con el que se construy\u00f3\u201d.<\/p>\n<p><a href=\"http:\/\/agpnoticias.com\/news\/oficial-el-salon-de-la-fama-borrado-del-sullivan\/dsc00583\/\" rel=\"attachment wp-att-2881064\"><img fetchpriority=\"high\" decoding=\"async\" class=\"aligncenter size-full wp-image-2881064\" src=\"http:\/\/agpnoticias.com\/news\/wp-content\/uploads\/2017\/08\/DSC00583-e1504076164653.jpg\" alt=\"\" width=\"600\" height=\"390\" \/><\/a><\/p>\n<p><strong>Apoyo con cambios<\/strong><\/p>\n<p>Como respuesta a la solicitud del patronato, asegur\u00f3 que ya existen dos espacios como potenciales sedes del Sal\u00f3n de la Fama, proyecto al que, sin embargo, plante\u00f3 modificaciones.<\/p>\n<p>\u201cSer\u00eda un proyecto coordinado con los diferentes actores del deporte ensenadense y no s\u00f3lo con el patronato, digamos asociaciones y clubes. Nosotros administrar\u00edamos lo que es el funcionamiento del mismo\u201d, explic\u00f3.<\/p>\n<p>Sugiri\u00f3 que el patronato presidido por Fernando Ribeiro Cham \u201cpodr\u00eda seguir actuando de la misma manera, pero nosotros convocar\u00edamos con la idea de incluir a m\u00e1s gente y que no solamente sean dos o tres personas las que participen en las decisiones\u201d.<\/p>\n<p>En otra de las modificaciones que pretende presentar, dijo: \u201cSolicitamos tres figuras (en el comit\u00e9 de elecci\u00f3n: alcalde, director de Inmudere y regidor presidente de la comisi\u00f3n de deporte) para que tengan voz aunque no tengan voto, pero que siempre est\u00e9n presentes sin dejar excluido a nadie\u201d.<\/p>\n<p>\u201cBuscamos un proyecto y todos son bienvenidos: patronato y todo aquel que quiera colaborar en este espacio tan importante para la ciudad\u201d, apunt\u00f3.<\/p>\n<p>En torno a las instalaciones, cuya ubicaci\u00f3n prefiri\u00f3 a\u00fan no dar a conocer, dijo que \u201cser\u00edan espacios que ya est\u00e1n semi-creados y s\u00f3lo necesitar\u00edan detalles para finalizarlos a un costo bajo involucrando a asociaciones civiles, Canaco, Proturismo y otros actores que pueden interesarse\u201d.<\/p>\n<p><strong><a href=\"http:\/\/agpnoticias.com\/news\/oficial-el-salon-de-la-fama-borrado-del-sullivan\/img_2927\/\" rel=\"attachment wp-att-2881065\"><img decoding=\"async\" class=\"aligncenter size-full wp-image-2881065\" src=\"http:\/\/agpnoticias.com\/news\/wp-content\/uploads\/2017\/08\/IMG_2927-e1504077038729.jpg\" alt=\"\" width=\"600\" height=\"354\" \/><\/a>Grilla y protagonismo: Alcalde Novelo<\/strong><\/p>\n<p>Marco Antonio Novelo asegur\u00f3 estar a favor del proyecto del Sal\u00f3n de la Fama pero critic\u00f3 la postura de los integrantes del proyecto cuando manifestaron p\u00fablicamente su molestia por la posposici\u00f3n de un encuentro previamente pactado.<\/p>\n<p>\u201cNo pude llegar a esa reuni\u00f3n, tuve que ir a (la Ciudad de) M\u00e9xico y no hubo la comunicaci\u00f3n que yo quer\u00eda con ellos, sentarme a platicar, pero lo que es la grilla, el protagonismo, y el deporte no va con eso\u2026<\/p>\n<p>\u201cDe repente me entero que (dicen que) los deje plantados cuando fue una pl\u00e1tica de banqueta en API con el se\u00f1or (Emeterio) Nava, no con el grupo\u201d, aclar\u00f3.<\/p>\n<p>El alcalde de Ensenada dijo estar \u201cen la mejor disposici\u00f3n\u201d de apoyar la iniciativa que pretende rendir homenaje a los mejores deportistas nacidos en Ensenada.<\/p>\n<p>Y puso el ejemplo del tenista Ra\u00fal Ram\u00edrez, \u201cque fue mi \u00eddolo de juventud\u201d, y cuyo legado merece ser reconocido en un recinto de este tipo.<\/p>\n<p>\u201cEs cuesti\u00f3n de sentarnos a platicar. Que vengan. No soy una persona problem\u00e1tica, me gusta la comunicaci\u00f3n&#8230;\u201d, agreg\u00f3.<\/p>\n<p>Y, dentro del espacio que el Sal\u00f3n de la Fama ocup\u00f3 por meses en la unidad deportiva Sullivan, ahora como parte de un gimnasio, manifest\u00f3 su disposici\u00f3n de respaldar al patronato y cederle una sede. \u201cPuede ser aqu\u00ed mismo o en otro espacio\u201d, concluy\u00f3.<\/p>\n","protected":false},"excerpt":{"rendered":"<p>Ensenada, Baja California.- El gobierno municipal, oficialmente, reemplaz\u00f3 al patronato que promueve el Sal\u00f3n de&#8230;<\/p>\n","protected":false},"author":1,"featured_media":2881073,"comment_status":"open","ping_status":"closed","sticky":false,"template":"","format":"standard","meta":{"footnotes":""},"categories":[7,173],"tags":[595],"class_list":["post-2881062","post","type-post","status-publish","format-standard","has-post-thumbnail","hentry","category-deportes","category-ayuntamiento-de-ensenada","tag-destacado"],"_links":{"self":[{"href":"https:\/\/agpnoticias.com\/news\/index.php?rest_route=\/wp\/v2\/posts\/2881062","targetHints":{"allow":["GET"]}}],"collection":[{"href":"https:\/\/agpnoticias.com\/news\/index.php?rest_route=\/wp\/v2\/posts"}],"about":[{"href":"https:\/\/agpnoticias.com\/news\/index.php?rest_route=\/wp\/v2\/types\/post"}],"author":[{"embeddable":true,"href":"https:\/\/agpnoticias.com\/news\/index.php?rest_route=\/wp\/v2\/users\/1"}],"replies":[{"embeddable":true,"href":"https:\/\/agpnoticias.com\/news\/index.php?rest_route=%2Fwp%2Fv2%2Fcomments&post=2881062"}],"version-history":[{"count":6,"href":"https:\/\/agpnoticias.com\/news\/index.php?rest_route=\/wp\/v2\/posts\/2881062\/revisions"}],"predecessor-version":[{"id":2881074,"href":"https:\/\/agpnoticias.com\/news\/index.php?rest_route=\/wp\/v2\/posts\/2881062\/revisions\/2881074"}],"wp:featuredmedia":[{"embeddable":true,"href":"https:\/\/agpnoticias.com\/news\/index.php?rest_route=\/wp\/v2\/media\/2881073"}],"wp:attachment":[{"href":"https:\/\/agpnoticias.com\/news\/index.php?rest_route=%2Fwp%2Fv2%2Fmedia&parent=2881062"}],"wp:term":[{"taxonomy":"category","embeddable":true,"href":"https:\/\/agpnoticias.com\/news\/index.php?rest_route=%2Fwp%2Fv2%2Fcategories&post=2881062"},{"taxonomy":"post_tag","embeddable":true,"href":"https:\/\/agpnoticias.com\/news\/index.php?rest_route=%2Fwp%2Fv2%2Ftags&post=2881062"}],"curies":[{"name":"wp","href":"https:\/\/api.w.org\/{rel}","templated":true}]}}