{"id":2881083,"date":"2017-08-30T16:48:39","date_gmt":"2017-08-30T23:48:39","guid":{"rendered":"http:\/\/agpnoticias.com\/news\/?p=2881083"},"modified":"2017-08-30T16:48:39","modified_gmt":"2017-08-30T23:48:39","slug":"xolos-cuatro-dias-de-descanso-despues-de-su-racha-positiva","status":"publish","type":"post","link":"https:\/\/agpnoticias.com\/news\/?p=2881083","title":{"rendered":"Xolos: Cuatro d\u00edas de descanso despu\u00e9s de su racha positiva"},"content":{"rendered":"<p>Tijuana, Baja California.- Los Xoloitzcuintles finalizaron este mi\u00e9rcoles con la intensa actividad del mes de Agosto, con un entrenamiento matutino en el Estadio Caliente, para despu\u00e9s romper filas de cara a la Fecha FIFA de partidos internacionales de este fin de semana.<\/p>\n<p><a href=\"http:\/\/agpnoticias.com\/news\/xolos-cuatro-dias-de-descanso-despues-de-su-racha-positiva\/vega9064\/\" rel=\"attachment wp-att-2881085\"><img fetchpriority=\"high\" decoding=\"async\" class=\"alignright size-full wp-image-2881085\" src=\"http:\/\/agpnoticias.com\/news\/wp-content\/uploads\/2017\/08\/VEGA9064-e1504136871951.jpg\" alt=\"\" width=\"300\" height=\"200\" \/><\/a>El equipo dirigido por Eduardo Coudet tendr\u00e1 un receso de cuatro d\u00edas para retornar a la acci\u00f3n el pr\u00f3ximo lunes 4 de Septiembre de cara a la Fecha 8 de la LIGA MX-Apertura 2017, en la que los Canes Aztecas visitar\u00e1n a los Pumas de la UNAM en el Estadio Ol\u00edmpico Universitario el d\u00eda 10 de Septiembre.<\/p>\n<p>Los Xoloitzcuintles jugaron nueve partidos en el mes de Agosto, cinco partidos de la LIGA MX, en los que obtuvieron tres ganados (2-0 vs Santos, 1-3 vs Quer\u00e9taro y 2-1 vs Pachuca), uno empatado (1-1 vs Puebla) y uno perdido (0-3 vs Monterrey).<\/p>\n<p>En acciones de la COPA MX-Apertura 2017, el Club Tijuana disput\u00f3 cuatro encuentros, uno ganado (1-0 vs Puebla) y tres empatados (1-1 vs Puebla, y 1-1 y 0-0 vs Atlante).<\/p>\n<p>En la LIGA MX, el cuadro fronterizo se coloca en la s\u00e9ptima posici\u00f3n con 10 unidades sumadas tras siete jornadas disputadas. En la COPA MX, los Xoloitzcuintles son l\u00edderes del Grupo 4 con 6 puntos.<\/p>\n<p><em>Informaci\u00f3n: Club Tijuana Xoloitzcuintles de Caliente.<\/em><\/p>\n","protected":false},"excerpt":{"rendered":"<p>Tijuana, Baja California.- Los Xoloitzcuintles finalizaron este mi\u00e9rcoles con la intensa actividad del mes de&#8230;<\/p>\n","protected":false},"author":1,"featured_media":2881084,"comment_status":"open","ping_status":"closed","sticky":false,"template":"","format":"standard","meta":{"footnotes":""},"categories":[7,32,17],"tags":[595],"class_list":["post-2881083","post","type-post","status-publish","format-standard","has-post-thumbnail","hentry","category-deportes","category-soccer","category-xolos-de-tijuana","tag-destacado"],"_links":{"self":[{"href":"https:\/\/agpnoticias.com\/news\/index.php?rest_route=\/wp\/v2\/posts\/2881083","targetHints":{"allow":["GET"]}}],"collection":[{"href":"https:\/\/agpnoticias.com\/news\/index.php?rest_route=\/wp\/v2\/posts"}],"about":[{"href":"https:\/\/agpnoticias.com\/news\/index.php?rest_route=\/wp\/v2\/types\/post"}],"author":[{"embeddable":true,"href":"https:\/\/agpnoticias.com\/news\/index.php?rest_route=\/wp\/v2\/users\/1"}],"replies":[{"embeddable":true,"href":"https:\/\/agpnoticias.com\/news\/index.php?rest_route=%2Fwp%2Fv2%2Fcomments&post=2881083"}],"version-history":[{"count":2,"href":"https:\/\/agpnoticias.com\/news\/index.php?rest_route=\/wp\/v2\/posts\/2881083\/revisions"}],"predecessor-version":[{"id":2881087,"href":"https:\/\/agpnoticias.com\/news\/index.php?rest_route=\/wp\/v2\/posts\/2881083\/revisions\/2881087"}],"wp:featuredmedia":[{"embeddable":true,"href":"https:\/\/agpnoticias.com\/news\/index.php?rest_route=\/wp\/v2\/media\/2881084"}],"wp:attachment":[{"href":"https:\/\/agpnoticias.com\/news\/index.php?rest_route=%2Fwp%2Fv2%2Fmedia&parent=2881083"}],"wp:term":[{"taxonomy":"category","embeddable":true,"href":"https:\/\/agpnoticias.com\/news\/index.php?rest_route=%2Fwp%2Fv2%2Fcategories&post=2881083"},{"taxonomy":"post_tag","embeddable":true,"href":"https:\/\/agpnoticias.com\/news\/index.php?rest_route=%2Fwp%2Fv2%2Ftags&post=2881083"}],"curies":[{"name":"wp","href":"https:\/\/api.w.org\/{rel}","templated":true}]}}