{"id":2881102,"date":"2017-08-31T15:38:10","date_gmt":"2017-08-31T22:38:10","guid":{"rendered":"http:\/\/agpnoticias.com\/news\/?p=2881102"},"modified":"2017-08-31T15:45:49","modified_gmt":"2017-08-31T22:45:49","slug":"alcalde-novelo-se-compromete-a-apoyar-al-salon-de-la-fama","status":"publish","type":"post","link":"https:\/\/agpnoticias.com\/news\/?p=2881102","title":{"rendered":"Alcalde Novelo se compromete a apoyar al Sal\u00f3n de la Fama"},"content":{"rendered":"<p>Ensenada, Baja California.- Durante m\u00e1s de una hora, el presidente del patronato del Sal\u00f3n de la Fama del Deporte de Ensenada, Fernando Ribeiro Cham, aguard\u00f3 el momento de abordar al alcalde Marco Antonio Novelo Osuna.<\/p>\n<p>Al final pudo hacerlo. Fue el martes. Y un d\u00eda m\u00e1s tarde de la inauguraci\u00f3n de un gimnasio dentro del deportivo Sullivan, se encontraron, a solas, en la oficina del presidente municipal de Ensenada.<\/p>\n<p>Todo sucedido a horas de que el espacio cedido por la pasada administraci\u00f3n municipal le fuera retirado al patronato para convertirlo en una prolongaci\u00f3n del gimnasio de acondicionamiento f\u00edsico vecino en el mismo deportivo Sullivan.<\/p>\n<p>\u201cEl alcalde desconoc\u00eda muchos aspectos del proyecto, pero fue receptivo, atento y entendi\u00f3 el sentido ciudadano. Entendi\u00f3 a la perfecci\u00f3n el hecho de que no puede existir injerencia gubernamental en decisiones como la selecci\u00f3n de los entronizados\u201d, dijo Ribeiro.<\/p>\n<p>Luego agreg\u00f3: \u201c\u00c9l fue deportista, sabe de este tipo de temas y creo que valor\u00f3 el esfuerzo que el patronato ha hecho. Finalmente expres\u00f3 su coincidencia en el sentido de que el proyecto debe seguir siendo encabezado por el patronato\u201d.<\/p>\n<p>\u201cPara m\u00ed fue claro que est\u00e1 reuni\u00f3n deb\u00eda darse. El alcalde es de una familia enlazada al deporte y lo not\u00e9 muy sincero en sus intenciones de apoyarnos, al patronato y al proyecto\u201d, agreg\u00f3.<\/p>\n<p>Por \u00faltimo, ambas partes acordaron establecer una agenda de reuniones, a las que asistir\u00e1n el Alcalde y una comitiva del patronato.<\/p>\n<p>\u201cEso fue importante, que \u00e9l decidiera ser la persona que le d\u00e9 seguimiento. Me dijo que de ahora en adelante es con \u00e9l y ese trato directo sin duda va a permitirnos caminar\u201d, concluy\u00f3.<\/p>\n<p>Por meses el patronato esper\u00f3 respuesta del director del Instituto Municipal del Deporte y Recreaci\u00f3n (Inmudere) en torno a la petici\u00f3n que permitiera la renovaci\u00f3n del convenio de uso de instalaci\u00f3n.<\/p>\n<p>Sin embargo, Arturo Hern\u00e1ndez Navarro inform\u00f3 el martes 28 de agosto que el espacio otorgado hab\u00eda sido destinado a una serie de disciplinas y que buscar\u00eda una nueva ubicaci\u00f3n para el Sal\u00f3n de la Fama, adem\u00e1s de adelantar que \u00e9l mismo encabezar\u00eda una renovaci\u00f3n del proyecto.<\/p>\n<p>\u00c9sta tomar\u00eda en cuenta al patronato, pero agregar\u00eda otros miembros designados por el mismo Inmudere.<\/p>\n","protected":false},"excerpt":{"rendered":"<p>Ensenada, Baja California.- Durante m\u00e1s de una hora, el presidente del patronato del Sal\u00f3n de&#8230;<\/p>\n","protected":false},"author":1,"featured_media":2881105,"comment_status":"open","ping_status":"closed","sticky":false,"template":"","format":"standard","meta":{"footnotes":""},"categories":[7,173],"tags":[595],"class_list":["post-2881102","post","type-post","status-publish","format-standard","has-post-thumbnail","hentry","category-deportes","category-ayuntamiento-de-ensenada","tag-destacado"],"_links":{"self":[{"href":"https:\/\/agpnoticias.com\/news\/index.php?rest_route=\/wp\/v2\/posts\/2881102","targetHints":{"allow":["GET"]}}],"collection":[{"href":"https:\/\/agpnoticias.com\/news\/index.php?rest_route=\/wp\/v2\/posts"}],"about":[{"href":"https:\/\/agpnoticias.com\/news\/index.php?rest_route=\/wp\/v2\/types\/post"}],"author":[{"embeddable":true,"href":"https:\/\/agpnoticias.com\/news\/index.php?rest_route=\/wp\/v2\/users\/1"}],"replies":[{"embeddable":true,"href":"https:\/\/agpnoticias.com\/news\/index.php?rest_route=%2Fwp%2Fv2%2Fcomments&post=2881102"}],"version-history":[{"count":2,"href":"https:\/\/agpnoticias.com\/news\/index.php?rest_route=\/wp\/v2\/posts\/2881102\/revisions"}],"predecessor-version":[{"id":2881107,"href":"https:\/\/agpnoticias.com\/news\/index.php?rest_route=\/wp\/v2\/posts\/2881102\/revisions\/2881107"}],"wp:featuredmedia":[{"embeddable":true,"href":"https:\/\/agpnoticias.com\/news\/index.php?rest_route=\/wp\/v2\/media\/2881105"}],"wp:attachment":[{"href":"https:\/\/agpnoticias.com\/news\/index.php?rest_route=%2Fwp%2Fv2%2Fmedia&parent=2881102"}],"wp:term":[{"taxonomy":"category","embeddable":true,"href":"https:\/\/agpnoticias.com\/news\/index.php?rest_route=%2Fwp%2Fv2%2Fcategories&post=2881102"},{"taxonomy":"post_tag","embeddable":true,"href":"https:\/\/agpnoticias.com\/news\/index.php?rest_route=%2Fwp%2Fv2%2Ftags&post=2881102"}],"curies":[{"name":"wp","href":"https:\/\/api.w.org\/{rel}","templated":true}]}}