{"id":2881907,"date":"2017-10-01T15:50:54","date_gmt":"2017-10-01T22:50:54","guid":{"rendered":"http:\/\/agpnoticias.com\/news\/?p=2881907"},"modified":"2017-10-02T16:31:47","modified_gmt":"2017-10-02T23:31:47","slug":"quedo-en-casa-la-batalla-de-la-baja","status":"publish","type":"post","link":"https:\/\/agpnoticias.com\/news\/?p=2881907","title":{"rendered":"Qued\u00f3 en casa \u00abLa batalla de la Baja\u00bb"},"content":{"rendered":"<p>Ensenada, Baja California.- \u00c9dgar Esc\u00e1rrega defendi\u00f3 con \u00e9xito su campeonato. Y tanto su hermano Gammaliel como su maestro Kevin Amador consumaron las venganzas que buscaban.<\/p>\n<p>Los tres protagonizaron la funci\u00f3n de artes marciales mixtas EXF 9 el s\u00e1bado en Plaza Pueblo Antiguo contra rivales originarios de La Paz, Baja California Sur.<\/p>\n<p>As\u00ed se llevaron la disputa peninsular \u201cBattle of Baja\u201d.<\/p>\n<p>\u00c9dgar, campe\u00f3n de la empresa Ensenada Xtreme Fighting en las 155 libras, \u00a0se impuso a Rommel Murillo, un especialista en lucha, durante el tercer round de la pelea estelar.<\/p>\n<figure id=\"attachment_2881909\" aria-describedby=\"caption-attachment-2881909\" style=\"width: 400px\" class=\"wp-caption aligncenter\"><a href=\"http:\/\/agpnoticias.com\/news\/quedo-en-casa-la-batalla-de-la-baja\/img_7330\/\" rel=\"attachment wp-att-2881909\"><img fetchpriority=\"high\" decoding=\"async\" class=\"size-full wp-image-2881909\" src=\"http:\/\/agpnoticias.com\/news\/wp-content\/uploads\/2017\/10\/IMG_7330-e1506898025856.jpg\" alt=\"\" width=\"400\" height=\"600\" \/><\/a><figcaption id=\"caption-attachment-2881909\" class=\"wp-caption-text\">\u00c9dgar Esc\u00e1rrega<\/figcaption><\/figure>\n<p>\u201cLa estrategia fue seguida como la trabajamos con el apoyo de los compa\u00f1eros del gimnasio. Ven\u00eda preparado para todo. Ya hab\u00eda dicho que estaba listo para lo que se presentara y as\u00ed lo hicimos\u201d, coment\u00f3.<\/p>\n<p>Meses atr\u00e1s, \u00c9dgar Esc\u00e1rrega gan\u00f3 el cintur\u00f3n de la empresa local ante Dietter Navarro, peleador de origen cubano, tambi\u00e9n como protagonista de la pelea estelar en aquella ocasi\u00f3n.<\/p>\n<p>\u201cLe agradezco a Arafath (Torres) por la oportunidad de encabezar este evento que me permite crecer como peleador\u201d, refiri\u00f3.<\/p>\n<p>Por su parte, Gammaliel, \u201cEl Le\u00f3n Espartano\u201d, noque\u00f3 de manera espectacular a Yasset Mu\u00f1oz, quien lo hab\u00eda derrotado en agosto de 2016.<\/p>\n<p>Con apenas 42 segundos de combate, el ahora campe\u00f3n de las 170 libras destac\u00f3 un par de factores motivacionales que lo impulsaron a la victoria. El primero de ellos, los fallecimientos de sus compa\u00f1eros de gimnasio Brian \u201cTibu\u201d P\u00e9rez y Nico Montana.<\/p>\n<p>\u201cMe sent\u00eda invencible con mis dos \u00e1ngeles que me dieron la fuerza para ganar esta pelea tan importante. Lo estaba midiendo y vi que entr\u00f3 mucho al terreno de mi high-kick y as\u00ed lo conect\u00e9 esa patada. Espero que Ram salga bien de este nocaut\u201d, apunt\u00f3.<\/p>\n<p>Tambi\u00e9n lo inspir\u00f3 el \u00e1nimo de revancha contra el peleador que lo super\u00f3 el a\u00f1o pasado.<\/p>\n<p>\u201cVi unas fotos de \u00e9l festejando cuando me gan\u00f3 el campeonato y eso me clav\u00f3 m\u00e1s la espinita de querer recuperar ese cintur\u00f3n que sent\u00eda como si fuera m\u00edo y de Victory Fight Club desde antes de la pelea\u201d, explic\u00f3.<\/p>\n<figure id=\"attachment_2881910\" aria-describedby=\"caption-attachment-2881910\" style=\"width: 400px\" class=\"wp-caption aligncenter\"><a href=\"http:\/\/agpnoticias.com\/news\/quedo-en-casa-la-batalla-de-la-baja\/img_7245\/\" rel=\"attachment wp-att-2881910\"><img decoding=\"async\" class=\"size-full wp-image-2881910\" src=\"http:\/\/agpnoticias.com\/news\/wp-content\/uploads\/2017\/10\/IMG_7245-e1506898101758.jpg\" alt=\"\" width=\"400\" height=\"467\" \/><\/a><figcaption id=\"caption-attachment-2881910\" class=\"wp-caption-text\">Gammaliel Esc\u00e1rrega<\/figcaption><\/figure>\n<p>Para completar la cartelera profesional presentada en Plaza Pueblo Antiguo, la noche del s\u00e1bado, Kevin Amador tambi\u00e9n pudo cobrar venganza.<\/p>\n<p>Sin embargo no qued\u00f3 satisfecho al acabar con Erik Gonz\u00e1lez, el peleador que lo derrot\u00f3 en febrero de 2015, pues \u201cquer\u00eda darle un mejor espect\u00e1culo a la gente\u201d,<\/p>\n<p>\u201cNo solt\u00e9 lo que deb\u00eda soltar y no s\u00e9 si por inseguridad, ya que comet\u00ed los mismos errores de la primera pelea contra \u00e9l y tampoco pod\u00eda conectarle los golpes de poder que buscaba\u201d, dijo.<\/p>\n<p>Y aun cuando fue cr\u00edtico con su desempe\u00f1o, Kevin hall\u00f3 la manera de someter a su adversario.<\/p>\n<p>\u201cAl final busqu\u00e9 darle golpes m\u00e1s certeros, a la pierna por ejemplo, para irlo doblando. Por fortuna funcion\u00f3 porque empezaron a entrar los ganchitos y \u00e9l solo se entreg\u00f3 para la sumisi\u00f3n\u201d, relat\u00f3.<\/p>\n<p>Pese a su victoria, el titular de Victory Fight Club no se qued\u00f3 con el cintur\u00f3n de las 135 libras debido a un problema en la b\u00e1scula.<\/p>\n<p>\u201cTodo iba perfecto, pero se nos complic\u00f3 una libra al final. Tambi\u00e9n pele\u00e9 con una infecci\u00f3n de garganta, o\u00eddos tapados, y creo que eso afect\u00f3 en mi rendimiento\u201d, precis\u00f3.<\/p>\n<p>En la pelea profesional restante, Alan Cant\u00fa, de Punisher, derrot\u00f3 a Ponchito Vargas.<\/p>\n<figure id=\"attachment_2881911\" aria-describedby=\"caption-attachment-2881911\" style=\"width: 500px\" class=\"wp-caption aligncenter\"><a href=\"http:\/\/agpnoticias.com\/news\/quedo-en-casa-la-batalla-de-la-baja\/img_7141\/\" rel=\"attachment wp-att-2881911\"><img decoding=\"async\" class=\"size-full wp-image-2881911\" src=\"http:\/\/agpnoticias.com\/news\/wp-content\/uploads\/2017\/10\/IMG_7141-e1506898161505.jpg\" alt=\"\" width=\"500\" height=\"324\" \/><\/a><figcaption id=\"caption-attachment-2881911\" class=\"wp-caption-text\">Kevin Amador<\/figcaption><\/figure>\n","protected":false},"excerpt":{"rendered":"<p>Ensenada, Baja California.- \u00c9dgar Esc\u00e1rrega defendi\u00f3 con \u00e9xito su campeonato. Y tanto su hermano Gammaliel&#8230;<\/p>\n","protected":false},"author":1,"featured_media":2881913,"comment_status":"open","ping_status":"closed","sticky":false,"template":"","format":"standard","meta":{"footnotes":""},"categories":[36,7],"tags":[595],"class_list":["post-2881907","post","type-post","status-publish","format-standard","has-post-thumbnail","hentry","category-boxeo","category-deportes","tag-destacado"],"_links":{"self":[{"href":"https:\/\/agpnoticias.com\/news\/index.php?rest_route=\/wp\/v2\/posts\/2881907","targetHints":{"allow":["GET"]}}],"collection":[{"href":"https:\/\/agpnoticias.com\/news\/index.php?rest_route=\/wp\/v2\/posts"}],"about":[{"href":"https:\/\/agpnoticias.com\/news\/index.php?rest_route=\/wp\/v2\/types\/post"}],"author":[{"embeddable":true,"href":"https:\/\/agpnoticias.com\/news\/index.php?rest_route=\/wp\/v2\/users\/1"}],"replies":[{"embeddable":true,"href":"https:\/\/agpnoticias.com\/news\/index.php?rest_route=%2Fwp%2Fv2%2Fcomments&post=2881907"}],"version-history":[{"count":3,"href":"https:\/\/agpnoticias.com\/news\/index.php?rest_route=\/wp\/v2\/posts\/2881907\/revisions"}],"predecessor-version":[{"id":2881914,"href":"https:\/\/agpnoticias.com\/news\/index.php?rest_route=\/wp\/v2\/posts\/2881907\/revisions\/2881914"}],"wp:featuredmedia":[{"embeddable":true,"href":"https:\/\/agpnoticias.com\/news\/index.php?rest_route=\/wp\/v2\/media\/2881913"}],"wp:attachment":[{"href":"https:\/\/agpnoticias.com\/news\/index.php?rest_route=%2Fwp%2Fv2%2Fmedia&parent=2881907"}],"wp:term":[{"taxonomy":"category","embeddable":true,"href":"https:\/\/agpnoticias.com\/news\/index.php?rest_route=%2Fwp%2Fv2%2Fcategories&post=2881907"},{"taxonomy":"post_tag","embeddable":true,"href":"https:\/\/agpnoticias.com\/news\/index.php?rest_route=%2Fwp%2Fv2%2Ftags&post=2881907"}],"curies":[{"name":"wp","href":"https:\/\/api.w.org\/{rel}","templated":true}]}}