{"id":2882006,"date":"2017-10-06T15:55:47","date_gmt":"2017-10-06T22:55:47","guid":{"rendered":"http:\/\/agpnoticias.com\/news\/?p=2882006"},"modified":"2017-10-06T15:55:47","modified_gmt":"2017-10-06T22:55:48","slug":"reunion-de-estelares-para-celebrar-la-decena","status":"publish","type":"post","link":"https:\/\/agpnoticias.com\/news\/?p=2882006","title":{"rendered":"Reuni\u00f3n de estelares para celebrar la decena"},"content":{"rendered":"<p>Ensenada, Baja California.- Alex \u201cBam Bam\u201d Velasco, Memo Smith, Marcos \u201cSonrics\u201d Berist\u00e1in, Kevin Amador y Gammaliel \u201cLe\u00f3n Espartano\u201d Esc\u00e1rrega. Todos juntos dentro de una cartelera. La planea Arafath Torres Irra para festejar la d\u00e9cima edici\u00f3n de su evento de artes marciales mixtas EXF 10.<\/p>\n<p>El titular de la empresa Ensenad Xtreme Fighting, a menos de una semana de la novena edici\u00f3n celebrada en Plaza Pueblo Antiguo, confirm\u00f3 la participaci\u00f3n de esos peleadores \u201cpara cerrar el a\u00f1o con la mejor cartelera de MMA en la historia de la ciudad\u201d.<\/p>\n<p>\u201cQueremos hacer algo en especial, planear bien esa funci\u00f3n en la que esperamos el apoyo de los patrocinadores\u201d, apunt\u00f3.<\/p>\n<p>El tambi\u00e9n director del Team Blackxicans de Ensenada destac\u00f3 \u201cel alto nivel t\u00e9cnico\u201d de la funci\u00f3n realizada el s\u00e1bado con las victorias de los locales Kevin Amador, Gammaliel y \u00c9dgar Esc\u00e1rrega, entre otros.<\/p>\n<p>Sin embargo, \u201cla respuesta de la afici\u00f3n no fue como la esperaba. Hice la funci\u00f3n en s\u00e1bado porque me dec\u00edan que los viernes se le dificultaba m\u00e1s asistir a la gente, pero al final quedamos contentos con el estreno de una nueva jaula\u201d.<\/p>\n<p>En ese sentido, confi\u00f3 en que la reuni\u00f3n de los mejores exponentes ensenadenses de la disciplina ser\u00e1 de inter\u00e9s para la afici\u00f3n, tentativamente en diciembre, con la posibilidad de que se sumen m\u00e1s peleadores reconocidos en el medio.<\/p>\n<p>\u201cBam Bam\u201d Velasco regresar\u00e1 a la actividad en Ensenada, ahora como integrante del proyecto Combate Am\u00e9rica, mientras que Memo Smith se presentar\u00eda en EXF luego de haber sido contemplado para una pelea contra Yasset Mu\u00f1oz, quien se lesion\u00f3 entonces.<\/p>\n<p>\u201cSonrics\u201d Berist\u00e1in gan\u00f3 meses atr\u00e1s en una funci\u00f3n de la empresa Brave en Tijuana.<\/p>\n<p>Kevin Amador, con un invicto que data de 2015, as\u00ed como \u201cEl Le\u00f3n Espartano\u201d regresar\u00edan tras sus triunfos en EXF 9.<\/p>\n","protected":false},"excerpt":{"rendered":"<p>Ensenada, Baja California.- Alex \u201cBam Bam\u201d Velasco, Memo Smith, Marcos \u201cSonrics\u201d Berist\u00e1in, Kevin Amador y&#8230;<\/p>\n","protected":false},"author":1,"featured_media":2882007,"comment_status":"open","ping_status":"closed","sticky":false,"template":"","format":"standard","meta":{"footnotes":""},"categories":[36,7],"tags":[859],"class_list":["post-2882006","post","type-post","status-publish","format-standard","has-post-thumbnail","hentry","category-boxeo","category-deportes","tag-portada"],"_links":{"self":[{"href":"https:\/\/agpnoticias.com\/news\/index.php?rest_route=\/wp\/v2\/posts\/2882006","targetHints":{"allow":["GET"]}}],"collection":[{"href":"https:\/\/agpnoticias.com\/news\/index.php?rest_route=\/wp\/v2\/posts"}],"about":[{"href":"https:\/\/agpnoticias.com\/news\/index.php?rest_route=\/wp\/v2\/types\/post"}],"author":[{"embeddable":true,"href":"https:\/\/agpnoticias.com\/news\/index.php?rest_route=\/wp\/v2\/users\/1"}],"replies":[{"embeddable":true,"href":"https:\/\/agpnoticias.com\/news\/index.php?rest_route=%2Fwp%2Fv2%2Fcomments&post=2882006"}],"version-history":[{"count":1,"href":"https:\/\/agpnoticias.com\/news\/index.php?rest_route=\/wp\/v2\/posts\/2882006\/revisions"}],"predecessor-version":[{"id":2882008,"href":"https:\/\/agpnoticias.com\/news\/index.php?rest_route=\/wp\/v2\/posts\/2882006\/revisions\/2882008"}],"wp:featuredmedia":[{"embeddable":true,"href":"https:\/\/agpnoticias.com\/news\/index.php?rest_route=\/wp\/v2\/media\/2882007"}],"wp:attachment":[{"href":"https:\/\/agpnoticias.com\/news\/index.php?rest_route=%2Fwp%2Fv2%2Fmedia&parent=2882006"}],"wp:term":[{"taxonomy":"category","embeddable":true,"href":"https:\/\/agpnoticias.com\/news\/index.php?rest_route=%2Fwp%2Fv2%2Fcategories&post=2882006"},{"taxonomy":"post_tag","embeddable":true,"href":"https:\/\/agpnoticias.com\/news\/index.php?rest_route=%2Fwp%2Fv2%2Ftags&post=2882006"}],"curies":[{"name":"wp","href":"https:\/\/api.w.org\/{rel}","templated":true}]}}