{"id":2882012,"date":"2017-10-06T18:09:53","date_gmt":"2017-10-07T01:09:53","guid":{"rendered":"http:\/\/agpnoticias.com\/news\/?p=2882012"},"modified":"2017-10-07T15:13:52","modified_gmt":"2017-10-07T22:13:52","slug":"buscando-un-idolo-este-sabado-en-el-tigre-garcia","status":"publish","type":"post","link":"https:\/\/agpnoticias.com\/news\/?p=2882012","title":{"rendered":"\u00abBuscando un \u00cddolo\u00bb este s\u00e1bado en el \u00abTigre\u00bb Garc\u00eda"},"content":{"rendered":"<p>Ensenada, Baja California.- Jos\u00e9 Guardado regresa a la actividad. Retirado como peleador, con una trayectoria de t\u00edtulos mundiales de kickboxing, ahora retorna como empresario.<\/p>\n<p>Y en la funci\u00f3n de este s\u00e1bado, proyectada a iniciar a las 19:30 horas en el gimnasio municipal \u00d3scar \u201cTigre\u201d Garc\u00eda, ofrecer\u00e1 a la afici\u00f3n nueve combates profesionales, incluido el debut en ese \u00e1mbito de su hijo Iv\u00e1n.<\/p>\n<p>\u201cSer\u00e1 un gran espect\u00e1culo solo de boxeo. Todas las peleas son de box profesional, nueve, con una de corte ol\u00edmpico entre pesos completos. Los boxeadores ya pasaron la prueba sobre la b\u00e1scula. Todos dieron el peso, as\u00ed es que va a ser una funci\u00f3n muy pareja\u201d, indic\u00f3.<\/p>\n<figure id=\"attachment_2882015\" aria-describedby=\"caption-attachment-2882015\" style=\"width: 500px\" class=\"wp-caption aligncenter\"><a href=\"http:\/\/agpnoticias.com\/news\/buscando-un-idolo-este-sabado-en-el-tigre-garcia\/dsc06873\/\" rel=\"attachment wp-att-2882015\"><img fetchpriority=\"high\" decoding=\"async\" class=\"size-full wp-image-2882015\" src=\"http:\/\/agpnoticias.com\/news\/wp-content\/uploads\/2017\/10\/DSC06873-e1507337846374.jpg\" alt=\"\" width=\"500\" height=\"328\" \/><\/a><figcaption id=\"caption-attachment-2882015\" class=\"wp-caption-text\">Iv\u00e1n Guardado<\/figcaption><\/figure>\n<p>En cuanto a la conformaci\u00f3n del cartel, destac\u00f3 \u201cla pelea de campeonato estatal femenil entre la local Luz \u201cChina\u201d Mart\u00ednez y la sonorense Arely D\u00e1valos\u201d, pero puntualiz\u00f3 que \u201cf\u00e1cilmente hay tres combates que podr\u00edan encabezar la cartelera\u201d.<\/p>\n<p>Entre esos mencion\u00f3 los que sostendr\u00e1n el invicto Sa\u00fal Guardado y Axel \u201cMini\u201d Vega.<\/p>\n<p>Sobre su hijo Iv\u00e1n, quien pele\u00f3 m\u00e1s de 100 veces como amateur, apunt\u00f3: \u201cYa cumpli\u00f3 18 a\u00f1os y tom\u00f3 la decisi\u00f3n de debutar contra un rival fuerte, pero creo que sacar\u00e1 la victoria\u201d.<\/p>\n<p>Los boletos estar\u00e1n en taquilla del gimnasio \u00d3scar \u201cTigre\u201d Garc\u00eda el s\u00e1bado desde mediod\u00eda.<\/p>\n<figure id=\"attachment_2882013\" aria-describedby=\"caption-attachment-2882013\" style=\"width: 500px\" class=\"wp-caption aligncenter\"><a href=\"http:\/\/agpnoticias.com\/news\/buscando-un-idolo-este-sabado-en-el-tigre-garcia\/dsc06865\/\" rel=\"attachment wp-att-2882013\"><img decoding=\"async\" class=\"size-full wp-image-2882013\" src=\"http:\/\/agpnoticias.com\/news\/wp-content\/uploads\/2017\/10\/DSC06865-e1507337901855.jpg\" alt=\"\" width=\"500\" height=\"324\" \/><\/a><figcaption id=\"caption-attachment-2882013\" class=\"wp-caption-text\">Sa\u00fal Guardado pelear\u00e1 contra la \u00abAmenaza\u00bb Valdivia<\/figcaption><\/figure>\n<p>\u201cEstoy trabajando con Alfredo Cota, un gran amigo y maestro al que respeto porque por \u00e9l estoy en este medio. \u00c9l me inici\u00f3 en el deporte y por \u00e9l estoy como promotor de boxeo\u201d, explic\u00f3.<\/p>\n<p>En ese sentido, su socio destac\u00f3 la trayectoria de Jos\u00e9 Guardado.<\/p>\n<p>\u201cEs un precursor del deporte en Ensenada, un ejemplo a seguir un gran campe\u00f3n, una leyenda, y ve\u00edamos la necesidad de organizar eventos de esta calidad y magnitud, as\u00ed naci\u00f3 esta empresa, Ensenada Promotions\u201d, se\u00f1al\u00f3 Alfredo Cota.<\/p>\n<p>\u201cTraemos buenas peleas, exclusivamente de boxeo, peleas muy parejas\u201d, afirm\u00f3.<\/p>\n<figure id=\"attachment_2882014\" aria-describedby=\"caption-attachment-2882014\" style=\"width: 448px\" class=\"wp-caption aligncenter\"><a href=\"http:\/\/agpnoticias.com\/news\/buscando-un-idolo-este-sabado-en-el-tigre-garcia\/dsc06868\/\" rel=\"attachment wp-att-2882014\"><img decoding=\"async\" class=\"size-full wp-image-2882014\" src=\"http:\/\/agpnoticias.com\/news\/wp-content\/uploads\/2017\/10\/DSC06868-e1507337942111.jpg\" alt=\"\" width=\"448\" height=\"539\" \/><\/a><figcaption id=\"caption-attachment-2882014\" class=\"wp-caption-text\">Axel \u00abMini\u00bb Vega<\/figcaption><\/figure>\n<p><strong>Cartelera \u201cBuscando un \u00eddolo\u201d<\/strong><\/p>\n<p><strong>Pelea campeonato estatal paja avalado por CMB<\/strong><\/p>\n<p>Luis \u201cChina\u201d Mart\u00ednez vs. Arely D\u00e1valos<\/p>\n<p><strong>Pelea co-estelar<\/strong><\/p>\n<p>Sa\u00fal Guardado vs. Luis \u201cAmenaza\u201d Amezcua<\/p>\n<p><strong>4 rounds<\/strong><\/p>\n<p>Axel \u201cMini\u201d Vega vs. \u00d3scar Talla<\/p>\n<p><strong>4 rounds<\/strong><\/p>\n<p>Iv\u00e1n Guardado vs. Juan \u201cPitbull\u201d L\u00f3pez<\/p>\n<p><strong>4 rounds<\/strong><\/p>\n<p>Isaac \u201cChocoleiro\u201d Castro vs. Ricardo \u201cCanguro\u201d D\u00edaz<\/p>\n<p><strong>4 rounds<\/strong><\/p>\n<p>Dar\u00edo Medina vs. Alfredo \u201cDominante\u201d Hern\u00e1ndez<\/p>\n<p><strong>4 rounds<\/strong><\/p>\n<p>Jos\u00e9 de la Luz \u201cChilaquil\u201d Hern\u00e1ndez vs. David \u201cArdilla\u201d P\u00e9rez<\/p>\n<p><strong>4 rounds<\/strong><\/p>\n<p>Arturo Zepeda vs. Jes\u00fas Sandoval<\/p>\n","protected":false},"excerpt":{"rendered":"<p>Ensenada, Baja California.- Jos\u00e9 Guardado regresa a la actividad. Retirado como peleador, con una trayectoria&#8230;<\/p>\n","protected":false},"author":1,"featured_media":2882016,"comment_status":"open","ping_status":"closed","sticky":false,"template":"","format":"standard","meta":{"footnotes":""},"categories":[36,7],"tags":[595],"class_list":["post-2882012","post","type-post","status-publish","format-standard","has-post-thumbnail","hentry","category-boxeo","category-deportes","tag-destacado"],"_links":{"self":[{"href":"https:\/\/agpnoticias.com\/news\/index.php?rest_route=\/wp\/v2\/posts\/2882012","targetHints":{"allow":["GET"]}}],"collection":[{"href":"https:\/\/agpnoticias.com\/news\/index.php?rest_route=\/wp\/v2\/posts"}],"about":[{"href":"https:\/\/agpnoticias.com\/news\/index.php?rest_route=\/wp\/v2\/types\/post"}],"author":[{"embeddable":true,"href":"https:\/\/agpnoticias.com\/news\/index.php?rest_route=\/wp\/v2\/users\/1"}],"replies":[{"embeddable":true,"href":"https:\/\/agpnoticias.com\/news\/index.php?rest_route=%2Fwp%2Fv2%2Fcomments&post=2882012"}],"version-history":[{"count":2,"href":"https:\/\/agpnoticias.com\/news\/index.php?rest_route=\/wp\/v2\/posts\/2882012\/revisions"}],"predecessor-version":[{"id":2882018,"href":"https:\/\/agpnoticias.com\/news\/index.php?rest_route=\/wp\/v2\/posts\/2882012\/revisions\/2882018"}],"wp:featuredmedia":[{"embeddable":true,"href":"https:\/\/agpnoticias.com\/news\/index.php?rest_route=\/wp\/v2\/media\/2882016"}],"wp:attachment":[{"href":"https:\/\/agpnoticias.com\/news\/index.php?rest_route=%2Fwp%2Fv2%2Fmedia&parent=2882012"}],"wp:term":[{"taxonomy":"category","embeddable":true,"href":"https:\/\/agpnoticias.com\/news\/index.php?rest_route=%2Fwp%2Fv2%2Fcategories&post=2882012"},{"taxonomy":"post_tag","embeddable":true,"href":"https:\/\/agpnoticias.com\/news\/index.php?rest_route=%2Fwp%2Fv2%2Ftags&post=2882012"}],"curies":[{"name":"wp","href":"https:\/\/api.w.org\/{rel}","templated":true}]}}