{"id":2882020,"date":"2017-10-07T15:04:57","date_gmt":"2017-10-07T22:04:57","guid":{"rendered":"http:\/\/agpnoticias.com\/news\/?p=2882020"},"modified":"2017-10-07T16:08:58","modified_gmt":"2017-10-07T23:08:58","slug":"el-cubanito-guardado-por-su-quinto-nocaut-esta-noche-en-el-tigre-garcia","status":"publish","type":"post","link":"https:\/\/agpnoticias.com\/news\/?p=2882020","title":{"rendered":"\u00abEl Cubanito\u00bb Guardado por su quinto nocaut esta noche en el \u00abTigre\u00bb Garc\u00eda"},"content":{"rendered":"<p>Ensenada, Baja California.- Sa\u00fal Guardado lleva paso perfecto. Y la noche del s\u00e1bado, contra Luis \u201cAmenaza\u201d Valdivia, pelear\u00e1 por su quinto nocaut. Ser\u00e1 el combate co-estelar de la funci\u00f3n \u201cBuscando un \u00eddolo\u201d.<\/p>\n<p>\u201cVamos bien, pero seguimos prepar\u00e1ndonos fuerte para ganar la quinta pelea dando todo arriba del ring\u201d, dijo antes de subir esta noche al cuadril\u00e1tero instalado en el gimnasio municipal \u00d3scar \u201cTigre\u201d Garc\u00eda.<\/p>\n<p>Aun cuando comparte el apellido, \u201cEl Cubanito\u201d no tiene relaci\u00f3n familiar con su entrenador Jos\u00e9 Guardado, quien lo proyect\u00f3 al \u00e1mbito profesional.<\/p>\n<p>\u201cQuiero poner el apellido en alto. Hasta donde sabemos no somos parientes, pero me siento orgulloso de estar trabajando con \u00e9l\u201d, refiri\u00f3.<\/p>\n<p>De sus antecedentes, relat\u00f3 su experiencia como seleccionado de Baja California dentro del grupo de boxeadores que entrenan en el Centro de Alto Rendimiento de Ensenada.<\/p>\n<p>\u201cEstuve en el CAR, fui a concentraciones para estatales y regionales, pas\u00e9 a otros gimnasios hasta que llegu\u00e9 con Jos\u00e9 Guardado, ya con una medalla de bronce en Olimpiada Nacional, y \u00e9l me debut\u00f3\u201d, precis\u00f3.<\/p>\n<p>En cuanto a su estilo, el peleador de 20 a\u00f1os de edad, dijo: \u201cMe gusta fajarme, contragolpear, tratando de presentar diferentes tipos de boxeo, ser completo\u201d.<\/p>\n<p>La pelea de Sa\u00fal Guardado ser\u00e1 a seis rounds como co-estelar luego del combate por el t\u00edtulo femenil paja del estado entre la ensenadense Luz \u201cChina\u201d Mart\u00ednez y la originaria de Puerto Pe\u00f1asco, Arely D\u00e1valos.<\/p>\n<p>El evento iniciar\u00e1 este s\u00e1bado en punto de las 19:30 horas con nueve peleas profesionales incluidas por los promotores Jos\u00e9 Guardado y Alfredo Cota.<\/p>\n","protected":false},"excerpt":{"rendered":"<p>Ensenada, Baja California.- Sa\u00fal Guardado lleva paso perfecto. Y la noche del s\u00e1bado, contra Luis&#8230;<\/p>\n","protected":false},"author":1,"featured_media":2882021,"comment_status":"open","ping_status":"closed","sticky":false,"template":"","format":"standard","meta":{"footnotes":""},"categories":[36,7],"tags":[595],"class_list":["post-2882020","post","type-post","status-publish","format-standard","has-post-thumbnail","hentry","category-boxeo","category-deportes","tag-destacado"],"_links":{"self":[{"href":"https:\/\/agpnoticias.com\/news\/index.php?rest_route=\/wp\/v2\/posts\/2882020","targetHints":{"allow":["GET"]}}],"collection":[{"href":"https:\/\/agpnoticias.com\/news\/index.php?rest_route=\/wp\/v2\/posts"}],"about":[{"href":"https:\/\/agpnoticias.com\/news\/index.php?rest_route=\/wp\/v2\/types\/post"}],"author":[{"embeddable":true,"href":"https:\/\/agpnoticias.com\/news\/index.php?rest_route=\/wp\/v2\/users\/1"}],"replies":[{"embeddable":true,"href":"https:\/\/agpnoticias.com\/news\/index.php?rest_route=%2Fwp%2Fv2%2Fcomments&post=2882020"}],"version-history":[{"count":1,"href":"https:\/\/agpnoticias.com\/news\/index.php?rest_route=\/wp\/v2\/posts\/2882020\/revisions"}],"predecessor-version":[{"id":2882022,"href":"https:\/\/agpnoticias.com\/news\/index.php?rest_route=\/wp\/v2\/posts\/2882020\/revisions\/2882022"}],"wp:featuredmedia":[{"embeddable":true,"href":"https:\/\/agpnoticias.com\/news\/index.php?rest_route=\/wp\/v2\/media\/2882021"}],"wp:attachment":[{"href":"https:\/\/agpnoticias.com\/news\/index.php?rest_route=%2Fwp%2Fv2%2Fmedia&parent=2882020"}],"wp:term":[{"taxonomy":"category","embeddable":true,"href":"https:\/\/agpnoticias.com\/news\/index.php?rest_route=%2Fwp%2Fv2%2Fcategories&post=2882020"},{"taxonomy":"post_tag","embeddable":true,"href":"https:\/\/agpnoticias.com\/news\/index.php?rest_route=%2Fwp%2Fv2%2Ftags&post=2882020"}],"curies":[{"name":"wp","href":"https:\/\/api.w.org\/{rel}","templated":true}]}}