{"id":2882110,"date":"2017-10-10T22:55:35","date_gmt":"2017-10-11T05:55:35","guid":{"rendered":"http:\/\/agpnoticias.com\/news\/?p=2882110"},"modified":"2017-10-11T19:04:33","modified_gmt":"2017-10-12T02:04:33","slug":"medallas-ensenadenses-en-el-primer-selectivo-nacional-de-esgrima","status":"publish","type":"post","link":"https:\/\/agpnoticias.com\/news\/?p=2882110","title":{"rendered":"Medallas ensenadenses en el primer selectivo nacional de esgrima"},"content":{"rendered":"<p>Ensenada, Baja California.- La delegaci\u00f3n de Ensenada, como parte de la selecci\u00f3n de Baja California, lo hizo bien en el primer selectivo nacional de esgrima.<\/p>\n<p>El recuento muestra cinco medallas individuales de oro, tres de plata y una de bronce.<\/p>\n<p>Valodia Borges destac\u00f3 tanto a los seleccionados de mayor trayectoria, como Jimena Torres, del mismo modo que lo hizo con la nueva generaci\u00f3n encabezada por los ganadores de oro Luciana Rosi\u00f1ol, Silvana Romo y Hugo \u00c1lvarez, todos poseedores de oro.<\/p>\n<p>\u201cObtuvimos muy buenos resultados. En Infantil AA Luciana Rosi\u00f1ol, con apenas nueve meses de entrenamiento, gan\u00f3 su primer oro con apenas ocho a\u00f1os. En florete femenil, Silvana Romo gan\u00f3 oro, mientras que Loretta Rosi\u00f1ol fue plata\u201d, precis\u00f3 el t\u00e9cnico de origen cubano.<\/p>\n<p>Agreg\u00f3 que en la divisi\u00f3n Infantil Ol\u00edmpica Hanna Valdez obtuvo bronce al perder la semifinal por un punto. Y Hugo \u00c1lvarez, en esa misma categor\u00eda, se llev\u00f3 el oro, igual que su hermano Jorge en Cadete Menor.<\/p>\n<figure id=\"attachment_2882113\" aria-describedby=\"caption-attachment-2882113\" style=\"width: 600px\" class=\"wp-caption aligncenter\"><a href=\"http:\/\/agpnoticias.com\/news\/medallas-ensenadensesen-primer-selectivo-nacional-de-esgrima\/esgrima2-2\/\" rel=\"attachment wp-att-2882113\"><img fetchpriority=\"high\" decoding=\"async\" class=\"size-full wp-image-2882113\" src=\"http:\/\/agpnoticias.com\/news\/wp-content\/uploads\/2017\/10\/Esgrima2-e1507701089334.jpg\" alt=\"\" width=\"600\" height=\"441\" \/><\/a><figcaption id=\"caption-attachment-2882113\" class=\"wp-caption-text\">Valodia Borges junto a Juan Alberto R\u00edos y Jimena Torres<\/figcaption><\/figure>\n<p>Una plata que subray\u00f3 el titular de la esgrima en el Centro de Alto Rendimiento de Ensenada fue la conseguida por Juan Alberto R\u00edos, seleccionado que obtuvo cuatro oros en la pasada Olimpiada Nacional dentro de la categor\u00eda Cadete Menor.<\/p>\n<p>En particular, reconoci\u00f3 la medalla de plata ganada en su categor\u00eda (Cadete Menor) por Jimena Torres, quien m\u00e1s tarde gan\u00f3 el oro ante competidoras de mayor edad dentro de la divisi\u00f3n Cadete Mayor para sumar un total de tres primeros puestos, incluido el de equipo.<\/p>\n<p>Adem\u00e1s, la seleccionada nacida en 2004 avanz\u00f3 a los Juegos Escolares Centroamericanos de Venezuela el pr\u00f3ximo mes.<\/p>\n<p>El selectivo disputado en Guadalajara fue el primero de tres, mismos que se sumar\u00e1n al campeonato nacional y la Olimpiada Nacional como parte del ciclo competitivo del grupo de esgrimistas respaldado por el Instituto del Deporte de Baja California (INDE).<\/p>\n<p>En noviembre ser\u00e1 el segundo selectivo aun con fecha precisa y sede por definir.<\/p>\n<figure id=\"attachment_2882112\" aria-describedby=\"caption-attachment-2882112\" style=\"width: 600px\" class=\"wp-caption aligncenter\"><a href=\"http:\/\/agpnoticias.com\/news\/medallas-ensenadensesen-primer-selectivo-nacional-de-esgrima\/esgrima1-3\/\" rel=\"attachment wp-att-2882112\"><img decoding=\"async\" class=\"size-full wp-image-2882112\" src=\"http:\/\/agpnoticias.com\/news\/wp-content\/uploads\/2017\/10\/Esgrima1-e1507701144379.jpg\" alt=\"\" width=\"600\" height=\"428\" \/><\/a><figcaption id=\"caption-attachment-2882112\" class=\"wp-caption-text\">La nueva generaci\u00f3n de la esgrima ensenadense regres\u00f3 con medallas del selectivo<\/figcaption><\/figure>\n","protected":false},"excerpt":{"rendered":"<p>Ensenada, Baja California.- La delegaci\u00f3n de Ensenada, como parte de la selecci\u00f3n de Baja California,&#8230;<\/p>\n","protected":false},"author":1,"featured_media":2882111,"comment_status":"open","ping_status":"closed","sticky":false,"template":"","format":"standard","meta":{"footnotes":""},"categories":[73,7,693],"tags":[595],"class_list":["post-2882110","post","type-post","status-publish","format-standard","has-post-thumbnail","hentry","category-deportebajacalifornia","category-deportes","category-esgrima","tag-destacado"],"_links":{"self":[{"href":"https:\/\/agpnoticias.com\/news\/index.php?rest_route=\/wp\/v2\/posts\/2882110","targetHints":{"allow":["GET"]}}],"collection":[{"href":"https:\/\/agpnoticias.com\/news\/index.php?rest_route=\/wp\/v2\/posts"}],"about":[{"href":"https:\/\/agpnoticias.com\/news\/index.php?rest_route=\/wp\/v2\/types\/post"}],"author":[{"embeddable":true,"href":"https:\/\/agpnoticias.com\/news\/index.php?rest_route=\/wp\/v2\/users\/1"}],"replies":[{"embeddable":true,"href":"https:\/\/agpnoticias.com\/news\/index.php?rest_route=%2Fwp%2Fv2%2Fcomments&post=2882110"}],"version-history":[{"count":4,"href":"https:\/\/agpnoticias.com\/news\/index.php?rest_route=\/wp\/v2\/posts\/2882110\/revisions"}],"predecessor-version":[{"id":2882117,"href":"https:\/\/agpnoticias.com\/news\/index.php?rest_route=\/wp\/v2\/posts\/2882110\/revisions\/2882117"}],"wp:featuredmedia":[{"embeddable":true,"href":"https:\/\/agpnoticias.com\/news\/index.php?rest_route=\/wp\/v2\/media\/2882111"}],"wp:attachment":[{"href":"https:\/\/agpnoticias.com\/news\/index.php?rest_route=%2Fwp%2Fv2%2Fmedia&parent=2882110"}],"wp:term":[{"taxonomy":"category","embeddable":true,"href":"https:\/\/agpnoticias.com\/news\/index.php?rest_route=%2Fwp%2Fv2%2Fcategories&post=2882110"},{"taxonomy":"post_tag","embeddable":true,"href":"https:\/\/agpnoticias.com\/news\/index.php?rest_route=%2Fwp%2Fv2%2Ftags&post=2882110"}],"curies":[{"name":"wp","href":"https:\/\/api.w.org\/{rel}","templated":true}]}}