{"id":2882347,"date":"2017-10-19T16:14:12","date_gmt":"2017-10-19T23:14:12","guid":{"rendered":"http:\/\/agpnoticias.com\/news\/?p=2882347"},"modified":"2017-10-19T19:15:12","modified_gmt":"2017-10-20T02:15:12","slug":"ya-se-viene-el-reto-de-valientes","status":"publish","type":"post","link":"https:\/\/agpnoticias.com\/news\/?p=2882347","title":{"rendered":"Ya se viene El Reto de Valientes"},"content":{"rendered":"<p>Ensenada, Baja California.- Inmudere y DIF Municipal anunciaron la edici\u00f3n 2017 del \u201cReto de Valientes\u201d.<\/p>\n<p>En rueda de prensa, Arturo Hern\u00e1ndez Navarro, director del Instituto Municipal del Deporte y Recreaci\u00f3n de Ensenada (Inmudere), inform\u00f3 que la justa congregar\u00e1 a alrededor de 500 deportistas con discapacidad a participar en disciplinas como Golbol, nataci\u00f3n, boccia, atletismo y baloncesto en silla de ruedas.<\/p>\n<p>Las actividades dar\u00e1n inicio el s\u00e1bado 4 de noviembre del presente, teniendo como escenarios los gimnasios \u00d3scar \u201cTigre\u201d Garc\u00eda y\u00a0 Vicente Guerrero de la colonia Morelos, as\u00ed como las unidades deportivas Juan A. Rodr\u00edguez Sullivan y el centro acu\u00e1tico de la Ciudad Deportiva.<\/p>\n<p>\u201cEl evento busca integrar, dar un espacio y reconocimiento a los deportistas con alguna discapacidad, con la finalidad de fomentar en ellos y en la comunidad el h\u00e1bito del deporte\u201d, subray\u00f3.<\/p>\n<p>Al finalizar las actividades se llevar\u00e1 a cabo la ceremonia de premiaci\u00f3n, misma que reconocer\u00e1 con medalla y camiseta a cada una de las personas que participen en el Reto de Valientes.<\/p>\n<p>En la rueda de prensa estuvieron presentes Jos\u00e9 de Jes\u00fas Escoto, director de DIF; \u00a0Jaqueline Montes, coordinadora del evento y Carlos Ibarra representante de la empresa \u201cFactory 1\u201d, as\u00ed como deportistas de la Paralimpiada Nacional Felipe G\u00f3mez de la disciplina de boccia y Ernesto Mart\u00ednez de nataci\u00f3n.<\/p>\n","protected":false},"excerpt":{"rendered":"<p>Ensenada, Baja California.- Inmudere y DIF Municipal anunciaron la edici\u00f3n 2017 del \u201cReto de Valientes\u201d&#8230;.<\/p>\n","protected":false},"author":1,"featured_media":2882348,"comment_status":"open","ping_status":"closed","sticky":false,"template":"","format":"standard","meta":{"footnotes":""},"categories":[7,173],"tags":[595],"class_list":["post-2882347","post","type-post","status-publish","format-standard","has-post-thumbnail","hentry","category-deportes","category-ayuntamiento-de-ensenada","tag-destacado"],"_links":{"self":[{"href":"https:\/\/agpnoticias.com\/news\/index.php?rest_route=\/wp\/v2\/posts\/2882347","targetHints":{"allow":["GET"]}}],"collection":[{"href":"https:\/\/agpnoticias.com\/news\/index.php?rest_route=\/wp\/v2\/posts"}],"about":[{"href":"https:\/\/agpnoticias.com\/news\/index.php?rest_route=\/wp\/v2\/types\/post"}],"author":[{"embeddable":true,"href":"https:\/\/agpnoticias.com\/news\/index.php?rest_route=\/wp\/v2\/users\/1"}],"replies":[{"embeddable":true,"href":"https:\/\/agpnoticias.com\/news\/index.php?rest_route=%2Fwp%2Fv2%2Fcomments&post=2882347"}],"version-history":[{"count":1,"href":"https:\/\/agpnoticias.com\/news\/index.php?rest_route=\/wp\/v2\/posts\/2882347\/revisions"}],"predecessor-version":[{"id":2882349,"href":"https:\/\/agpnoticias.com\/news\/index.php?rest_route=\/wp\/v2\/posts\/2882347\/revisions\/2882349"}],"wp:featuredmedia":[{"embeddable":true,"href":"https:\/\/agpnoticias.com\/news\/index.php?rest_route=\/wp\/v2\/media\/2882348"}],"wp:attachment":[{"href":"https:\/\/agpnoticias.com\/news\/index.php?rest_route=%2Fwp%2Fv2%2Fmedia&parent=2882347"}],"wp:term":[{"taxonomy":"category","embeddable":true,"href":"https:\/\/agpnoticias.com\/news\/index.php?rest_route=%2Fwp%2Fv2%2Fcategories&post=2882347"},{"taxonomy":"post_tag","embeddable":true,"href":"https:\/\/agpnoticias.com\/news\/index.php?rest_route=%2Fwp%2Fv2%2Ftags&post=2882347"}],"curies":[{"name":"wp","href":"https:\/\/api.w.org\/{rel}","templated":true}]}}