{"id":2883155,"date":"2017-11-16T11:06:09","date_gmt":"2017-11-16T19:06:09","guid":{"rendered":"http:\/\/agpnoticias.com\/news\/?p=2883155"},"modified":"2017-11-16T11:06:09","modified_gmt":"2017-11-16T19:06:09","slug":"por-estrenarse-el-muro-de-la-fama-del-deporte-de-el-sauzal","status":"publish","type":"post","link":"https:\/\/agpnoticias.com\/news\/?p=2883155","title":{"rendered":"Por estrenarse el Muro de la Fama del Deporte de El Sauzal"},"content":{"rendered":"<p>Ensenada, Baja California.- El domingo al mediod\u00eda ser\u00e1 colocados los primeros nombres sobre el Muro de la Fama del Deporte de la delegaci\u00f3n ensenadense de El Sauzal.<\/p>\n<p>Juan \u201cConejo\u201d Herrera, presidente de la mesa directiva de la asociaci\u00f3n que est\u00e1 por iniciar su proceso de constituci\u00f3n, inform\u00f3 que 11 deportistas elegidos para la primera ceremonia de reconocimiento.<\/p>\n<p>Junto a \u00e9l estuvieron tres de ellos: el exbeisbolista profesional de los Diablos Rojos del M\u00e9xico y los Naranjeros de Hermosillo, Luis Peralta Espinoza, as\u00ed como el softbolista Fortino \u201cQuisi\u201d Morales y el exboxeador Miguel \u00c1ngel \u201cPale\u201d Segovia.<\/p>\n<p>El titular del \u00f3rgano ciudadano a cargo del proyecto destac\u00f3 la colaboraci\u00f3n de personajes del deporte sumados al comit\u00e9 de elecci\u00f3n como el dirigente y exbeisbolista y softbolista Ricardo Meza M\u00e1rquez, el futbolista Ram\u00f3n Magdaleno y Lupita Zavala.<\/p>\n<p>Adem\u00e1s precis\u00f3 que la mesa directiva es completada por el exbeisbolista profesional Rub\u00e9n Garc\u00eda como tesorero y el softbolista Jorge \u201cZapato\u201d Murillo como secretario.<\/p>\n<p>Entre los par\u00e1metros, el \u201cConejo\u201d Herrera precis\u00f3 que los atletas amateurs tendr\u00e1n que ser mayores de 60 a\u00f1os para ser considerados, mientras que los profesionales deber\u00e1n superar los 40, adem\u00e1s de estar retirados.<\/p>\n<p>El Muro de la Fama es un proyecto apoyado por el gobierno municipal que aport\u00f3 el Muro instalado en la unidad Ernesto Moreno de El Sauzal.<\/p>\n<p><strong>Apoyo municipal<\/strong><\/p>\n<p>Arturo Hern\u00e1ndez Navarro, director del Instituto Municipal del Deporte y Recreaci\u00f3n de Ensenada (Inmudere), calcul\u00f3 en 50 mil pesos la inversi\u00f3n destinada al proyecto \u201cdestinado a dar realce a los deportistas sauzale\u00f1os\u201d, despu\u00e9s de \u201cuna serie de pl\u00e1ticas\u201d con sus promotores\u201d.<\/p>\n<p>A pesar de lo anterior, sostuvo, Inmudere ni el gobierno municipal tendr\u00e1n injerencia en la elecci\u00f3n de los aspirantes a formar parte del Muro de la Fama.<\/p>\n<p>En cuanto a las caracter\u00edsticas del muro, indic\u00f3 que mide alrededor de \u201c12 por 3 metros\u201d y \u201cpodr\u00eda llenarse en cinco a\u00f1os si se hacen las ceremonias de ingreso anualmente\u201d.<\/p>\n<p>Y agreg\u00f3 que, en caso de ser ocupado totalmente, \u201chay espacio para que crezca\u201d.<\/p>\n<p><strong>Primeros ingresos<\/strong><\/p>\n<p><strong>Box<\/strong><\/p>\n<p>Miguel \u00c1ngel \u201cPale\u201d Segovia<\/p>\n<p>Heriberto \u201cVitaminas\u201d Reales (+)<\/p>\n<p><strong>Beisbol<\/strong><\/p>\n<p>Luis Peralta Espinoza<\/p>\n<p>Guillermo Hern\u00e1ndez Romero (+)<\/p>\n<p><strong>Softbol<\/strong><\/p>\n<p>Fortino \u201cQuisi\u201d Morales<\/p>\n<p><strong>Futbol<\/strong><\/p>\n<p>Luis Molina Lucero<\/p>\n<p>Luis \u201cMoni\u201d \u00cd\u00f1iguez (+)<\/p>\n<p><strong>Atletismo<\/strong><\/p>\n<p>C\u00e9sar \u201cChilinguis\u201d Guzm\u00e1n<\/p>\n<p>Jos\u00e9 \u201cPel\u00f3n\u201d Curiel<\/p>\n<p><strong>Basquetbol<\/strong><\/p>\n<p>Ramiro Rafael Celaya<\/p>\n<p>Ram\u00f3n \u201cBurro\u201d Peralta (+)<\/p>\n","protected":false},"excerpt":{"rendered":"<p>Ensenada, Baja California.- El domingo al mediod\u00eda ser\u00e1 colocados los primeros nombres sobre el Muro&#8230;<\/p>\n","protected":false},"author":1,"featured_media":2883156,"comment_status":"open","ping_status":"closed","sticky":false,"template":"","format":"standard","meta":{"footnotes":""},"categories":[7,173],"tags":[595],"class_list":["post-2883155","post","type-post","status-publish","format-standard","has-post-thumbnail","hentry","category-deportes","category-ayuntamiento-de-ensenada","tag-destacado"],"_links":{"self":[{"href":"https:\/\/agpnoticias.com\/news\/index.php?rest_route=\/wp\/v2\/posts\/2883155","targetHints":{"allow":["GET"]}}],"collection":[{"href":"https:\/\/agpnoticias.com\/news\/index.php?rest_route=\/wp\/v2\/posts"}],"about":[{"href":"https:\/\/agpnoticias.com\/news\/index.php?rest_route=\/wp\/v2\/types\/post"}],"author":[{"embeddable":true,"href":"https:\/\/agpnoticias.com\/news\/index.php?rest_route=\/wp\/v2\/users\/1"}],"replies":[{"embeddable":true,"href":"https:\/\/agpnoticias.com\/news\/index.php?rest_route=%2Fwp%2Fv2%2Fcomments&post=2883155"}],"version-history":[{"count":1,"href":"https:\/\/agpnoticias.com\/news\/index.php?rest_route=\/wp\/v2\/posts\/2883155\/revisions"}],"predecessor-version":[{"id":2883157,"href":"https:\/\/agpnoticias.com\/news\/index.php?rest_route=\/wp\/v2\/posts\/2883155\/revisions\/2883157"}],"wp:featuredmedia":[{"embeddable":true,"href":"https:\/\/agpnoticias.com\/news\/index.php?rest_route=\/wp\/v2\/media\/2883156"}],"wp:attachment":[{"href":"https:\/\/agpnoticias.com\/news\/index.php?rest_route=%2Fwp%2Fv2%2Fmedia&parent=2883155"}],"wp:term":[{"taxonomy":"category","embeddable":true,"href":"https:\/\/agpnoticias.com\/news\/index.php?rest_route=%2Fwp%2Fv2%2Fcategories&post=2883155"},{"taxonomy":"post_tag","embeddable":true,"href":"https:\/\/agpnoticias.com\/news\/index.php?rest_route=%2Fwp%2Fv2%2Ftags&post=2883155"}],"curies":[{"name":"wp","href":"https:\/\/api.w.org\/{rel}","templated":true}]}}