{"id":2883409,"date":"2017-11-24T16:32:30","date_gmt":"2017-11-25T00:32:30","guid":{"rendered":"http:\/\/agpnoticias.com\/news\/?p=2883409"},"modified":"2017-11-24T16:32:31","modified_gmt":"2017-11-25T00:32:31","slug":"dos-boxeadores-bajacalifornianos-vivos-en-proceso-a-olimpicos-de-la-juventud","status":"publish","type":"post","link":"https:\/\/agpnoticias.com\/news\/?p=2883409","title":{"rendered":"Dos boxeadores bajacalifornianos \u00abvivos\u00bb en proceso a Ol\u00edmpicos de la Juventud"},"content":{"rendered":"<p class=\"m_-7493472734632846896gmail-p2\">Mexicali, Baja California.- La delegaci\u00f3n de boxeo de Baja California, entre ellos los juveniles Erik Robles y Diego Pacheco que est\u00e1n en ruta a Buenos Aires 2018, iniciar\u00e1 este s\u00e1bado su participaci\u00f3n en el Campeonato Nacional de Primera Fuerza y el Selectivo Nacional Juvenil en Monterrey, Nuevo Le\u00f3n.<\/p>\n<p class=\"m_-7493472734632846896gmail-p1\"><span class=\"m_-7493472734632846896gmail-s1\">El Campeonato Nacional de Primera Fuerza y el Selectivo Nacional rumbo a Buenos Aires 2018 se llevar\u00e1 a cabo del 25 de noviembre al 3 de diciembre en Nuevo Le\u00f3n.<\/span><\/p>\n<p class=\"m_-7493472734632846896gmail-p1\"><span class=\"m_-7493472734632846896gmail-s1\">Los medallista de oro en Olimpiada Nacional, Erik Robles en 52 kilos y Diego Pacheco en 75, se perfilan a Juegos Ol\u00edmpicos de la Juventud en Buenos Aires, por lo que en la \u201cSultana del Norte\u201d buscar\u00e1n dar el primer paso en la eliminatoria hacia el objetivo del 2018.<\/span><\/p>\n<figure id=\"attachment_2883411\" aria-describedby=\"caption-attachment-2883411\" style=\"width: 500px\" class=\"wp-caption aligncenter\"><a href=\"http:\/\/agpnoticias.com\/news\/dos-boxeadores-bajacalifornianos-vivos-en-proceso-a-olimpicos-de-la-juventud\/diego-pacheco-con-sus-entrenadores-de-bc\/\" rel=\"attachment wp-att-2883411\"><img fetchpriority=\"high\" decoding=\"async\" class=\"size-full wp-image-2883411\" src=\"http:\/\/agpnoticias.com\/news\/wp-content\/uploads\/2017\/11\/Diego-Pacheco-con-sus-entrenadores-de-BC-e1511569769721.jpg\" alt=\"\" width=\"500\" height=\"303\" \/><\/a><figcaption id=\"caption-attachment-2883411\" class=\"wp-caption-text\">Diego Pacheco con sus entrenadores de BC<\/figcaption><\/figure>\n<p class=\"m_-7493472734632846896gmail-p1\"><span class=\"m_-7493472734632846896gmail-s1\">Baja California, que traslad\u00f3 a su delegaci\u00f3n el pasado jueves a Monterrey, en el Nacional de Primera Fuerza estar\u00e1 presente con el seleccionado nacional Gustavo P\u00e9rez y con David L\u00f3pez en 49 kilos, Heber Ortiz en 52, Juan Carlos Santamar\u00eda en 60, Jos\u00e9 Bernardino Lozano en 69, Francisco Cantabrana en 81, Juan Casta\u00f1eda en 91 y Marco Cuevas en +91.<\/span><\/p>\n<p class=\"m_-7493472734632846896gmail-p1\"><span class=\"m_-7493472734632846896gmail-s1\">En la rama femenil, los colores del Estado 29 ser\u00e1n defendidos por Leyvi Castell\u00f3n en 48 kilos y por Crisna \u00c1lvarez en 51, mientras que, en el cuerpo t\u00e9cnico estar\u00e1n Rodolfo \u201cRudy\u201d Garc\u00eda, Jorge F\u00e9lix y Sergio S\u00e1nchez; Porfirio de la Mora como juez-\u00e1rbitro y Diana de la Mora como delegada.<\/span><\/p>\n<p><em>Informaci\u00f3n: Instituto del Deporte de Baja California (INDE).<\/em><\/p>\n","protected":false},"excerpt":{"rendered":"<p>Mexicali, Baja California.- La delegaci\u00f3n de boxeo de Baja California, entre ellos los juveniles Erik&#8230;<\/p>\n","protected":false},"author":1,"featured_media":2883410,"comment_status":"open","ping_status":"closed","sticky":false,"template":"","format":"standard","meta":{"footnotes":""},"categories":[36,73],"tags":[595],"class_list":["post-2883409","post","type-post","status-publish","format-standard","has-post-thumbnail","hentry","category-boxeo","category-deportebajacalifornia","tag-destacado"],"_links":{"self":[{"href":"https:\/\/agpnoticias.com\/news\/index.php?rest_route=\/wp\/v2\/posts\/2883409","targetHints":{"allow":["GET"]}}],"collection":[{"href":"https:\/\/agpnoticias.com\/news\/index.php?rest_route=\/wp\/v2\/posts"}],"about":[{"href":"https:\/\/agpnoticias.com\/news\/index.php?rest_route=\/wp\/v2\/types\/post"}],"author":[{"embeddable":true,"href":"https:\/\/agpnoticias.com\/news\/index.php?rest_route=\/wp\/v2\/users\/1"}],"replies":[{"embeddable":true,"href":"https:\/\/agpnoticias.com\/news\/index.php?rest_route=%2Fwp%2Fv2%2Fcomments&post=2883409"}],"version-history":[{"count":2,"href":"https:\/\/agpnoticias.com\/news\/index.php?rest_route=\/wp\/v2\/posts\/2883409\/revisions"}],"predecessor-version":[{"id":2883415,"href":"https:\/\/agpnoticias.com\/news\/index.php?rest_route=\/wp\/v2\/posts\/2883409\/revisions\/2883415"}],"wp:featuredmedia":[{"embeddable":true,"href":"https:\/\/agpnoticias.com\/news\/index.php?rest_route=\/wp\/v2\/media\/2883410"}],"wp:attachment":[{"href":"https:\/\/agpnoticias.com\/news\/index.php?rest_route=%2Fwp%2Fv2%2Fmedia&parent=2883409"}],"wp:term":[{"taxonomy":"category","embeddable":true,"href":"https:\/\/agpnoticias.com\/news\/index.php?rest_route=%2Fwp%2Fv2%2Fcategories&post=2883409"},{"taxonomy":"post_tag","embeddable":true,"href":"https:\/\/agpnoticias.com\/news\/index.php?rest_route=%2Fwp%2Fv2%2Ftags&post=2883409"}],"curies":[{"name":"wp","href":"https:\/\/api.w.org\/{rel}","templated":true}]}}