{"id":2883425,"date":"2017-11-24T18:57:04","date_gmt":"2017-11-25T02:57:04","guid":{"rendered":"http:\/\/agpnoticias.com\/news\/?p=2883425"},"modified":"2017-11-24T18:57:04","modified_gmt":"2017-11-25T02:57:04","slug":"inde-consigue-eliminatoria-a-jcc-en-el-car-de-tijuana","status":"publish","type":"post","link":"https:\/\/agpnoticias.com\/news\/?p=2883425","title":{"rendered":"INDE consigue eliminatoria a JCC en el CAR de Tijuana"},"content":{"rendered":"<p class=\"m_4306682649630416022gmail-p2\">Tijuana, Baja California.- En el marco del 82 Campeonato Nacional de Boxeo de Primera Fuerza en Monterrey, Nuevo Le\u00f3n, el INDE de Baja California promueve el Torneo Clasificatorio a Juegos Centroamericanos y del Caribe Barranquilla 2018, a realizarse en el Estado 29.<\/p>\n<p class=\"m_4306682649630416022gmail-p1\"><span class=\"m_4306682649630416022gmail-s1\">En representaci\u00f3n del Director del INDE, Sa\u00fal Castro Verdugo, el profesor C\u00e9sar Osuna Brambila, coordinador de Proyectos Estrat\u00e9gicos, fue el encargado de promover el Torneo Clasificatorio de Boxeo que se llevar\u00e1 a cabo del 9 al 18 de marzo del 2018, en el Centro de Alto Rendimiento (CAR).<\/span><\/p>\n<p class=\"m_4306682649630416022gmail-p1\"><span class=\"m_4306682649630416022gmail-s1\">Baja California, por segunda vez albergar\u00e1 un torneo de boxeo clasificatorio a Juegos Centroamericanos, esta vez con la participaci\u00f3n de 16 pa\u00edses que buscar\u00e1n llegar a Barranquilla 2018.<\/span><\/p>\n<p class=\"m_4306682649630416022gmail-p1\"><span class=\"m_4306682649630416022gmail-s1\">Pa\u00edses como Bahamas, Barbados, Islas Caim\u00e1n, Colombia, Costa Rica, Cuba, Rep\u00fablica Dominicana, Puerto Rico, Trinidad Tobago, Panama, Nicaragua, Honduras, Hait\u00ed, Guatemala, El Salvador y M\u00e9xico ser\u00e1n los protagonistas del clasificatorio 2018.<\/span><\/p>\n<p class=\"m_4306682649630416022gmail-p1\"><span class=\"m_4306682649630416022gmail-s1\">Los representantes de M\u00e9xico saldr\u00e1n del 82 Campeonato Nacional de Primera Fuerza que inicia este s\u00e1bado en Nuevo Le\u00f3n, donde Baja California contender\u00e1 con ocho boxeadores en la rama varonil y dos en femenil.<\/span><\/p>\n<p><em>Informaci\u00f3n: Instituto del Deporte de Baja California (INDE).<\/em><\/p>\n","protected":false},"excerpt":{"rendered":"<p>Tijuana, Baja California.- En el marco del 82 Campeonato Nacional de Boxeo de Primera Fuerza&#8230;<\/p>\n","protected":false},"author":1,"featured_media":2883429,"comment_status":"open","ping_status":"closed","sticky":false,"template":"","format":"standard","meta":{"footnotes":""},"categories":[36,73,7],"tags":[595],"class_list":["post-2883425","post","type-post","status-publish","format-standard","has-post-thumbnail","hentry","category-boxeo","category-deportebajacalifornia","category-deportes","tag-destacado"],"_links":{"self":[{"href":"https:\/\/agpnoticias.com\/news\/index.php?rest_route=\/wp\/v2\/posts\/2883425","targetHints":{"allow":["GET"]}}],"collection":[{"href":"https:\/\/agpnoticias.com\/news\/index.php?rest_route=\/wp\/v2\/posts"}],"about":[{"href":"https:\/\/agpnoticias.com\/news\/index.php?rest_route=\/wp\/v2\/types\/post"}],"author":[{"embeddable":true,"href":"https:\/\/agpnoticias.com\/news\/index.php?rest_route=\/wp\/v2\/users\/1"}],"replies":[{"embeddable":true,"href":"https:\/\/agpnoticias.com\/news\/index.php?rest_route=%2Fwp%2Fv2%2Fcomments&post=2883425"}],"version-history":[{"count":1,"href":"https:\/\/agpnoticias.com\/news\/index.php?rest_route=\/wp\/v2\/posts\/2883425\/revisions"}],"predecessor-version":[{"id":2883426,"href":"https:\/\/agpnoticias.com\/news\/index.php?rest_route=\/wp\/v2\/posts\/2883425\/revisions\/2883426"}],"wp:featuredmedia":[{"embeddable":true,"href":"https:\/\/agpnoticias.com\/news\/index.php?rest_route=\/wp\/v2\/media\/2883429"}],"wp:attachment":[{"href":"https:\/\/agpnoticias.com\/news\/index.php?rest_route=%2Fwp%2Fv2%2Fmedia&parent=2883425"}],"wp:term":[{"taxonomy":"category","embeddable":true,"href":"https:\/\/agpnoticias.com\/news\/index.php?rest_route=%2Fwp%2Fv2%2Fcategories&post=2883425"},{"taxonomy":"post_tag","embeddable":true,"href":"https:\/\/agpnoticias.com\/news\/index.php?rest_route=%2Fwp%2Fv2%2Ftags&post=2883425"}],"curies":[{"name":"wp","href":"https:\/\/api.w.org\/{rel}","templated":true}]}}