{"id":2883460,"date":"2017-11-26T00:43:02","date_gmt":"2017-11-26T08:43:02","guid":{"rendered":"http:\/\/agpnoticias.com\/news\/?p=2883460"},"modified":"2017-11-26T14:31:26","modified_gmt":"2017-11-26T22:31:26","slug":"los-olivos-campeon-de-campeones-en-la-liga-de-primera-fuerza","status":"publish","type":"post","link":"https:\/\/agpnoticias.com\/news\/?p=2883460","title":{"rendered":"Los Olivos, campe\u00f3n de campeones en la Liga de Primera Fuerza"},"content":{"rendered":"<p>Ensenada, Baja California.- Fue una tanda de penales dram\u00e1tica por el tino de los cobradores.<\/p>\n<p>Tuvo que aparecer Bryan S\u00e1nchez, portero de Los Olivos, para tapar un env\u00edo lanzado por el jugador de El Gallo F7, Alejandro L\u00f3pez.<\/p>\n<p>Hasta entonces, despu\u00e9s de 22 cobros, qued\u00f3 definido el campeonato de la Liga de Futbol de Primera Fuerza de Ensenada.<\/p>\n<p>El juego termin\u00f3 empatado sin goles en los 90 minutos ante una capa de neblina que dificult\u00f3 el tr\u00e1mite de las acciones sobre la cancha del campo Nueva Ensenada.<\/p>\n<p>El marcador se abri\u00f3 hasta el primer tiempo extra cuando Tom\u00e1s Cortez adelant\u00f3 a El Gallo F7. Ya en el segundo, Carlos R\u00edos empuj\u00f3 un bal\u00f3n detenido tras un penal por el portero de El Gallo, Erik Flores, para sentenciar el empate a uno.<\/p>\n<p>Entonces vino la serie de penales que demostr\u00f3 la capacidad de ambos planteles para superar a dos de los porteros m\u00e1s capaces del circuito.<\/p>\n<figure id=\"attachment_2883467\" aria-describedby=\"caption-attachment-2883467\" style=\"width: 600px\" class=\"wp-caption aligncenter\"><a href=\"http:\/\/agpnoticias.com\/news\/los-olivos-campeon-de-campeones-en-la-liga-de-primera-fuerza\/img_4389\/\" rel=\"attachment wp-att-2883467\"><img fetchpriority=\"high\" decoding=\"async\" class=\"size-full wp-image-2883467\" src=\"http:\/\/agpnoticias.com\/news\/wp-content\/uploads\/2017\/11\/IMG_4389-e1511685647162.jpg\" alt=\"\" width=\"600\" height=\"418\" \/><\/a><figcaption id=\"caption-attachment-2883467\" class=\"wp-caption-text\">Bryan S\u00e1nchez<\/figcaption><\/figure>\n<p>\u201cFue muy emotiva la final porque no fui titular en cuartos de final. Pero en la semifinal de vuelta y la final de ida recuper\u00e9 mi lugar\u201d, indic\u00f3 Bryan S\u00e1nchez.<\/p>\n<p>A\u00fan emocionado por haber superado en el duelo de arqueros al experimentado Erik Flores, el guardameta de apenas 19 a\u00f1os, se\u00f1al\u00f3: \u201cYa es mi segundo torneo y soy campe\u00f3n de campeones aunque no pude jugar la final pasada\u201d.<\/p>\n<p>Los Olivos, ahora bicampe\u00f3n, se alz\u00f3 con el t\u00edtulo despu\u00e9s de jugar por m\u00e1s de una hora con 10 elementos por la expulsi\u00f3n de Hazael S\u00e1nchez al minuto 25 antes de que, en tiempos extra, se emparejara la situaci\u00f3n num\u00e9rica por la roja que vio Daniel Silva de El Gallo.<\/p>\n<p>\u201cLlevamos dos al hilo, campe\u00f3n de liga, de copa, campe\u00f3n de campeones, y esto es de los jugadores y sus familias\u201d, resalt\u00f3 Salvador Zazueta.<\/p>\n<p>El t\u00e9cnico de Los Olivos consider\u00f3 que \u201cel trabajo psicol\u00f3gico fue importante porque no se pod\u00edan ganar algunas finales y ahora se mantuvo la base con incorporaciones de j\u00f3venes que aportaron mucho\u201d.<\/p>\n<p><a href=\"http:\/\/agpnoticias.com\/news\/los-olivos-campeon-de-campeones-en-la-liga-de-primera-fuerza\/img_4256\/\" rel=\"attachment wp-att-2883466\"><img decoding=\"async\" class=\"aligncenter size-full wp-image-2883466\" src=\"http:\/\/agpnoticias.com\/news\/wp-content\/uploads\/2017\/11\/IMG_4256-e1511685694348.jpg\" alt=\"\" width=\"600\" height=\"453\" \/><\/a><\/p>\n<p><strong>Campe\u00f3n de goleo<\/strong><\/p>\n<p>El reconocimiento fue para Jos\u00e9 Carlos L\u00f3pez del conjunto campe\u00f3n Los Olivos.<\/p>\n<figure id=\"attachment_2883489\" aria-describedby=\"caption-attachment-2883489\" style=\"width: 400px\" class=\"wp-caption aligncenter\"><a href=\"http:\/\/agpnoticias.com\/news\/los-olivos-campeon-de-campeones-en-la-liga-de-primera-fuerza\/img_4388\/\" rel=\"attachment wp-att-2883489\"><img decoding=\"async\" class=\"size-full wp-image-2883489\" src=\"http:\/\/agpnoticias.com\/news\/wp-content\/uploads\/2017\/11\/IMG_4388-e1511689665474.jpg\" alt=\"\" width=\"400\" height=\"579\" \/><\/a><figcaption id=\"caption-attachment-2883489\" class=\"wp-caption-text\">Jos\u00e9 Carlos L\u00f3pez<\/figcaption><\/figure>\n<p><strong>Alineaciones<\/strong><\/p>\n<p><strong>Los Olivos<\/strong><\/p>\n<p>Bryan S\u00e1nchez, Carlos Castro, Hazael S\u00e1nchez, Jos\u00e9 Bustillos, \u00d3scar D\u00edaz, Alejandro Mu\u00f1oz, Ismael Fierro, \u00c1ngel Hern\u00e1ndez, Carlos R\u00edos, Jos\u00e9 Carlos L\u00f3pez y Juan Jos\u00e9 Campoy.<\/p>\n<p>Suplentes: Juan Huizar, Alan Covarrubias, \u00d3scar Iwami, Alejandro Miranda Aar\u00f3n L\u00f3pez y Juan Mel\u00e9ndez.<\/p>\n<p>D.T. Salvador Zazueta.<\/p>\n<p><strong>El Gallo F7<\/strong><\/p>\n<p>Erik Flores, Geovanny Meza, Daniel Silva, Alejandro L\u00f3pez, Mario L\u00f3pez, Iv\u00e1n Rubio, Jes\u00fas Z\u00fa\u00f1iga, Salvador Meza, Irvin Huitr\u00f3n, Tom\u00e1s Cortez y Jes\u00fas Mart\u00ednez.<\/p>\n<p>Suplentes: Carlos Taboada, Fernando Vizcarra, Carlos Adame, Alonso Llamas, Liki Torres e Irving S\u00e1nchez.<\/p>\n<p>D.T. Sergio Castro.<\/p>\n<p><a href=\"http:\/\/agpnoticias.com\/news\/los-olivos-campeon-de-campeones-en-la-liga-de-primera-fuerza\/dsc01064\/\" rel=\"attachment wp-att-2883464\"><img loading=\"lazy\" decoding=\"async\" class=\"aligncenter size-full wp-image-2883464\" src=\"http:\/\/agpnoticias.com\/news\/wp-content\/uploads\/2017\/11\/DSC01064-e1511685766236.jpg\" alt=\"\" width=\"600\" height=\"379\" \/><\/a><\/p>\n","protected":false},"excerpt":{"rendered":"<p>Ensenada, Baja California.- Fue una tanda de penales dram\u00e1tica por el tino de los cobradores&#8230;.<\/p>\n","protected":false},"author":1,"featured_media":2883465,"comment_status":"open","ping_status":"closed","sticky":false,"template":"","format":"standard","meta":{"footnotes":""},"categories":[7,32],"tags":[595,878],"class_list":["post-2883460","post","type-post","status-publish","format-standard","has-post-thumbnail","hentry","category-deportes","category-soccer","tag-destacado","tag-tendencias"],"_links":{"self":[{"href":"https:\/\/agpnoticias.com\/news\/index.php?rest_route=\/wp\/v2\/posts\/2883460","targetHints":{"allow":["GET"]}}],"collection":[{"href":"https:\/\/agpnoticias.com\/news\/index.php?rest_route=\/wp\/v2\/posts"}],"about":[{"href":"https:\/\/agpnoticias.com\/news\/index.php?rest_route=\/wp\/v2\/types\/post"}],"author":[{"embeddable":true,"href":"https:\/\/agpnoticias.com\/news\/index.php?rest_route=\/wp\/v2\/users\/1"}],"replies":[{"embeddable":true,"href":"https:\/\/agpnoticias.com\/news\/index.php?rest_route=%2Fwp%2Fv2%2Fcomments&post=2883460"}],"version-history":[{"count":7,"href":"https:\/\/agpnoticias.com\/news\/index.php?rest_route=\/wp\/v2\/posts\/2883460\/revisions"}],"predecessor-version":[{"id":2883492,"href":"https:\/\/agpnoticias.com\/news\/index.php?rest_route=\/wp\/v2\/posts\/2883460\/revisions\/2883492"}],"wp:featuredmedia":[{"embeddable":true,"href":"https:\/\/agpnoticias.com\/news\/index.php?rest_route=\/wp\/v2\/media\/2883465"}],"wp:attachment":[{"href":"https:\/\/agpnoticias.com\/news\/index.php?rest_route=%2Fwp%2Fv2%2Fmedia&parent=2883460"}],"wp:term":[{"taxonomy":"category","embeddable":true,"href":"https:\/\/agpnoticias.com\/news\/index.php?rest_route=%2Fwp%2Fv2%2Fcategories&post=2883460"},{"taxonomy":"post_tag","embeddable":true,"href":"https:\/\/agpnoticias.com\/news\/index.php?rest_route=%2Fwp%2Fv2%2Ftags&post=2883460"}],"curies":[{"name":"wp","href":"https:\/\/api.w.org\/{rel}","templated":true}]}}