{"id":2883700,"date":"2017-12-04T19:00:40","date_gmt":"2017-12-05T03:00:40","guid":{"rendered":"http:\/\/agpnoticias.com\/news\/?p=2883700"},"modified":"2017-12-05T15:47:45","modified_gmt":"2017-12-05T23:47:45","slug":"jimena-torres-acelera-procesos-frente-a-las-mejores-de-mexico","status":"publish","type":"post","link":"https:\/\/agpnoticias.com\/news\/?p=2883700","title":{"rendered":"Jimena Torres acelera procesos frente a las mejores de M\u00e9xico"},"content":{"rendered":"<p>Ensenada, Baja California.- Desde Tijuana se han proyectado las ol\u00edmpicas Julieta Toledo y Tania Arrayales, as\u00ed como la actual Premio Nacional del Deporte, Natalia Botello, las tres bajo la gu\u00eda de Alain Tandr\u00f3n.<\/p>\n<p>Ensenada no quiere quedarse atr\u00e1s.<\/p>\n<p>Y el entrenador Valodia Borges, afincado en el puerto ya por m\u00e1s de tres a\u00f1os, ha empezado a entregar resultados desde su arribo.<\/p>\n<p>Un ejemplo es la esgrimista femenil, Jimena Torres Guti\u00e9rrez, de 13 a\u00f1os.<\/p>\n<p>Su edad podr\u00eda ser limitante l\u00f3gica para competir por los primeros planos de la esgrima juvenil de M\u00e9xico. Sin embargo su talento ha sido el aval para superar cualquiera de esas posibles limitantes.<\/p>\n<p>\u201cEn febrero de 2018 vienen los Juegos Escolares Centroamericanos y del Caribe y en abril habr\u00e1 un viaje a Italia al cual clasifiqu\u00e9 en el pasado selectivo nacional, hace unos d\u00edas en la Ciudad de M\u00e9xico\u201d, relat\u00f3 la esgrimista de 13 a\u00f1os de edad.<\/p>\n<p>De ese viaje ha vuelto a su natal Ensenada con dos medallas de oro, una plata y dos bronces.<\/p>\n<figure id=\"attachment_2883702\" aria-describedby=\"caption-attachment-2883702\" style=\"width: 600px\" class=\"wp-caption aligncenter\"><a href=\"http:\/\/agpnoticias.com\/news\/jimena-torres-acelera-procesos-entre-las-mejores-juveniles-de-mexico\/23755521_1501940039920378_7850362006681248786_n\/\" rel=\"attachment wp-att-2883702\"><img fetchpriority=\"high\" decoding=\"async\" class=\"size-full wp-image-2883702\" src=\"http:\/\/agpnoticias.com\/news\/wp-content\/uploads\/2017\/12\/23755521_1501940039920378_7850362006681248786_n-e1512442424875.jpg\" alt=\"\" width=\"600\" height=\"400\" \/><\/a><figcaption id=\"caption-attachment-2883702\" class=\"wp-caption-text\">Jimena Torres durante una de las premiaciones durante el m\u00e1s reciente selectivo nacional<\/figcaption><\/figure>\n<p>Pero m\u00e1s all\u00e1 de los metales en su divisi\u00f3n Cadetes Menor y en la superior inmediata, Cadetes Mayor, el m\u00e9rito de Jimena, actual estudiante de segunda grado en la Secundaria T\u00e9cnica 24 de Ensenada, se registr\u00f3 en la categor\u00eda Juvenil.<\/p>\n<p>\u201cQued\u00e9 en el quinto lugar, pero perd\u00ed con la campeona nacional por 15-14 y por eso ya no pude seguir avanzando en esa categor\u00eda contra jugadoras cuatro o cinco a\u00f1os mayores\u201d, resalt\u00f3 en torno al juego que lleg\u00f3 a empatar a 14 luego de estar con desventaja de 14-2.<\/p>\n<p>El desaf\u00edo de medirse a representantes mayores no es nuevo. La seleccionada surgida del Centro de Alto Rendimiento de Ensenada cumple con ese tr\u00e1mite por segundo a\u00f1o consecutivo.<\/p>\n<p>\u201cEse quinto lugar me calific\u00f3 a la base de entrenamiento que ser\u00e1 la Semana Santa en Italia, dos meses antes de los Centroamericanos (Escolares) a los que avanc\u00e9 el selectivo pasado\u201d, refiri\u00f3.<\/p>\n<p>Sus influencias tanto en el centro de trabajo como en casa son reconocidas por Jimena: \u201cMi entrenador Valodia es muy importante para todo esto que ha pasado, igual que mi mam\u00e1, Alyna, que me est\u00e1 apoyando siempre para que pueda ir a todas las competencias\u201d.<\/p>\n<p><a href=\"http:\/\/agpnoticias.com\/news\/jimena-torres-acelera-procesos-entre-las-mejores-juveniles-de-mexico\/23754881_1501941519920230_3287214008956886380_n-2\/\" rel=\"attachment wp-att-2883704\"><img decoding=\"async\" class=\"aligncenter size-full wp-image-2883704\" src=\"http:\/\/agpnoticias.com\/news\/wp-content\/uploads\/2017\/12\/23754881_1501941519920230_3287214008956886380_n-1-e1512442558487.jpg\" alt=\"\" width=\"504\" height=\"513\" srcset=\"https:\/\/agpnoticias.com\/news\/wp-content\/uploads\/2017\/12\/23754881_1501941519920230_3287214008956886380_n-1-e1512442558487.jpg 504w, https:\/\/agpnoticias.com\/news\/wp-content\/uploads\/2017\/12\/23754881_1501941519920230_3287214008956886380_n-1-e1512442558487-80x80.jpg 80w\" sizes=\"(max-width: 504px) 100vw, 504px\" \/><\/a><\/p>\n<p>En ese sentido, el t\u00e9cnico de origen cubano que ha prolongado la producci\u00f3n de talento iniciado por sus compatriotas en Tijuana y Mexicali, elogi\u00f3 el desempe\u00f1o de su dirigida, quien \u201cse ha catapultado entre las mejores del pa\u00eds no s\u00f3lo en su categor\u00eda sino contra el talento mayor\u201d.<\/p>\n<p>\u201cPodr\u00edamos hablar de su oro en la categor\u00eda Cadete Mayor, una m\u00e1s grande de la que a ella le corresponde, pero creo que lo que hizo ante la campeona de Olimpiada Nacional en la categor\u00eda Juvenil es el mayor de sus logros.<\/p>\n<p>\u201cJimena le compiti\u00f3 sin presi\u00f3n, con mucha madurez para la edad que tiene, y estuvo a punto de ganarle a alguien que le aventaja por muchos a\u00f1os\u201d, resalt\u00f3.<\/p>\n<p>Como resultado, la seleccionada femenil est\u00e1 por primera vez entre las primeras ocho del ranking nacional de la categor\u00eda Juvenil.<\/p>\n<p>\u201cPara febrero esperamos la sede de los Juegos Escolares Centroamericanos y del Caribe que ser\u00edan en Venezuela, pero que han cambiado de sede; podr\u00edan realizarlos Colombia pero tambi\u00e9n M\u00e9xico, lo que ser\u00eda muy bueno para Jimena\u201d, adelant\u00f3.<\/p>\n<p>Por lo pronto, sus entrenamientos contin\u00faan en el Centro de Alto de Ensenada, en espera de conocer las fechas de los siguientes viajes de fogueo a los Estados Unidos.<\/p>\n<p>\u201cLo mejor para Jimena est\u00e1 por venir en 2018\u201d, anticip\u00f3.<\/p>\n","protected":false},"excerpt":{"rendered":"<p>Ensenada, Baja California.- Desde Tijuana se han proyectado las ol\u00edmpicas Julieta Toledo y Tania Arrayales,&#8230;<\/p>\n","protected":false},"author":1,"featured_media":2883703,"comment_status":"open","ping_status":"closed","sticky":false,"template":"","format":"standard","meta":{"footnotes":""},"categories":[73,7,693],"tags":[595,691],"class_list":["post-2883700","post","type-post","status-publish","format-standard","has-post-thumbnail","hentry","category-deportebajacalifornia","category-deportes","category-esgrima","tag-destacado","tag-especiales"],"_links":{"self":[{"href":"https:\/\/agpnoticias.com\/news\/index.php?rest_route=\/wp\/v2\/posts\/2883700","targetHints":{"allow":["GET"]}}],"collection":[{"href":"https:\/\/agpnoticias.com\/news\/index.php?rest_route=\/wp\/v2\/posts"}],"about":[{"href":"https:\/\/agpnoticias.com\/news\/index.php?rest_route=\/wp\/v2\/types\/post"}],"author":[{"embeddable":true,"href":"https:\/\/agpnoticias.com\/news\/index.php?rest_route=\/wp\/v2\/users\/1"}],"replies":[{"embeddable":true,"href":"https:\/\/agpnoticias.com\/news\/index.php?rest_route=%2Fwp%2Fv2%2Fcomments&post=2883700"}],"version-history":[{"count":4,"href":"https:\/\/agpnoticias.com\/news\/index.php?rest_route=\/wp\/v2\/posts\/2883700\/revisions"}],"predecessor-version":[{"id":2883708,"href":"https:\/\/agpnoticias.com\/news\/index.php?rest_route=\/wp\/v2\/posts\/2883700\/revisions\/2883708"}],"wp:featuredmedia":[{"embeddable":true,"href":"https:\/\/agpnoticias.com\/news\/index.php?rest_route=\/wp\/v2\/media\/2883703"}],"wp:attachment":[{"href":"https:\/\/agpnoticias.com\/news\/index.php?rest_route=%2Fwp%2Fv2%2Fmedia&parent=2883700"}],"wp:term":[{"taxonomy":"category","embeddable":true,"href":"https:\/\/agpnoticias.com\/news\/index.php?rest_route=%2Fwp%2Fv2%2Fcategories&post=2883700"},{"taxonomy":"post_tag","embeddable":true,"href":"https:\/\/agpnoticias.com\/news\/index.php?rest_route=%2Fwp%2Fv2%2Ftags&post=2883700"}],"curies":[{"name":"wp","href":"https:\/\/api.w.org\/{rel}","templated":true}]}}