{"id":2884014,"date":"2017-12-19T15:57:36","date_gmt":"2017-12-19T23:57:36","guid":{"rendered":"http:\/\/agpnoticias.com\/news\/?p=2884014"},"modified":"2017-12-19T15:59:49","modified_gmt":"2017-12-19T23:59:49","slug":"los-campeones-marineros-y-su-formula-del-exito","status":"publish","type":"post","link":"https:\/\/agpnoticias.com\/news\/?p=2884014","title":{"rendered":"Los campeones Marineros y su f\u00f3rmula del \u00e9xito"},"content":{"rendered":"<p>Ensenada, Baja California.- Nunca, desde su responsabilidad directiva, ha pensado en colgarse los arreos que acostumbra vestir cuando se acuclilla detr\u00e1s de home para recibir los env\u00edos desde el c\u00edrculo en el softbol o el mont\u00edculo en el beisbol.<\/p>\n<p>Pepe \u00c1guila, quien desde muy joven y hasta el d\u00eda de hoy ha destacado como receptor en ambas disciplinas, respeta cada funci\u00f3n dentro de la estructura de los Marineros de Ensenada, el equipo campe\u00f3n de la Liga Norte de M\u00e9xico, del cual es gerente.<\/p>\n<p>Es cuesti\u00f3n de \u00e9tica, dice mientras hace el recuento de un a\u00f1o redondo para la organizaci\u00f3n en la que colabora desde el \u00e1rea de inteligencia deportiva.<\/p>\n<p>\u201cTengo bien claro mi trabajo y mi posici\u00f3n detr\u00e1s del escenario, en el escritorio, muy apegado al terreno de juego pero nunca tratando interactuar dentro; nunca me ha pasado por la cabeza ponerme el uniforme para participar como coach, manager o pelotero\u201d, afirm\u00f3.<\/p>\n<p>El doble medallista de Juegos Centroamericanos y del Caribe como catcher de la selecci\u00f3n mexicana de softbol (bronce en Mayag\u00fcez 2010 y plata en Veracruz 2014), como ejemplo, combin\u00f3 esas incursiones con su tarea ejecutiva en el equipo profesional de Ensenada.<\/p>\n<p>Y sigue encontrando el espacio suficiente para desahogar su deseo de ingresar al terreno de juego, pero desde el \u00e1mbito amateur: los domingos en el beisbol, y entre semana, por la tarde, en el softbol.<\/p>\n<p>\u201cS\u00ed se antoja (jugar mientras se desarrolla la temporada de la Liga Norte de M\u00e9xico), pero esa ha sido mi carta de presentaci\u00f3n dentro del trabajo\u201d, reiter\u00f3 en torno a la distancia que guarda con los protagonistas del espect\u00e1culo como una forma de \u201crespeto para todos\u201d.<\/p>\n<p>Dicha conducta le ha permitido conjuntar los elementos necesarios para la consecuci\u00f3n de tres campeonatos, el m\u00e1s reciente en agosto de 2017, cuando llegaron a su fin cinco a\u00f1os de sequ\u00eda.<\/p>\n<p>En el organigrama de los Marineros, el licenciado en inform\u00e1tica egresado de la UABC ocupa un lugar estrat\u00e9gico. Y no s\u00f3lo en lo operativo, tambi\u00e9n en lo familiar.<\/p>\n<p>El presidente del equipo Juan Manuel Arellano y la administradora Gabriela Ledesma son sus suegros, mientras que su esposa Aly y el resto de la familia colaboran desde los diferentes departamentos.<\/p>\n<p>\u201cSomos una organizaci\u00f3n peque\u00f1a con sus departamentos: administrativo, jur\u00eddico, prensa, ventas y dise\u00f1o. Cada quien trabaja en lo suyo todos de la mano en un sinf\u00edn de asuntos\u201d, refiri\u00f3.<\/p>\n<p>En ese sentido, agreg\u00f3: \u201cHay mucha comunicaci\u00f3n y eso nos ha ayudado a estar m\u00e1s unidos en las buenas y en las malas. Somos familia y est\u00e1 la relaci\u00f3n laboral, lo que nos ha llevado a sumar con la camiseta bien puesta\u201d.<\/p>\n<p><strong>El campeonato<\/strong><\/p>\n<p>La f\u00f3rmula para recuperar la supremac\u00eda de la Liga Norte de M\u00e9xico, despu\u00e9s de los t\u00edtulos conseguidos en 2010 y 2012, consisti\u00f3 en \u201ctrabajar diferente a todos los a\u00f1os y formar un buen staff de pitcheo y una buena ofensiva con la base de jugadores extranjeros y naturalizados\u201d.<\/p>\n<p>As\u00ed, Arturo Florentino, Wanel V\u00e1squez y Alexis Lara de abridores, as\u00ed como los relevistas Luis Ram\u00edrez y Rafael Cova, todos firmes de inicio a fin de la temporada, colaboraron para que \u201clas cosas se dieran como estaban planeadas\u201d.<\/p>\n<p>En el bateo, Alberto Querales, \u00c9dgar Dur\u00e1n, Uriak M\u00e1rquez y B\u00e1rbaro Ca\u00f1izares \u201ccumplieron con lo que se esperaba de ellos\u201d; los tres primeros a lo largo de toda la campa\u00f1a y el \u00faltimo como sustituto de Ren\u00e9 Reyes, quien parti\u00f3 a Tigres de Quintana Roo.<\/p>\n<p>Y para redondear un equipo s\u00f3lido, los prospectos de Diablos Rojos del M\u00e9xico y Guerreros de Oaxaca, \u201ctuvieron un a\u00f1o redondo a la ofensiva y la defensiva\u201d.<\/p>\n<p>De ellos reconoci\u00f3 su madurez y recalc\u00f3 que la mayor\u00eda juega esta semana la final de la Liga Invernal Mexicana sostenida entre las organizaciones hermanas, Diablos Rojos del M\u00e9xico y Guerreros de Oaxaca.<\/p>\n<p>Pepe \u00c1guila tambi\u00e9n puntualiz\u00f3 el trabajo de V\u00edctor \u201cFlamingo\u201d Boj\u00f3rquez como timonel y confi\u00f3 en que, aun cuando no regresar\u00e1 en 2018 porque dirigir\u00e1 Liga Mexicana con Diablos Rojos, seguir\u00e1 siendo \u201cpieza clave\u201d para la conformaci\u00f3n de los Marineros.<\/p>\n<p>\u201cEs una gran persona y como pelotero fue muy disciplinado, con garra y fuerza dentro y fuera del terreno de juego,\u00a0 transmitiendo esa experiencia a los jugadores. Adem\u00e1s, mantuvo al grupo unido desde el primero hasta el \u00faltimo d\u00eda\u201d, describi\u00f3.<\/p>\n<p>Sobre la nueva encomienda del \u201cFlamingo\u201d, dijo: \u201cEs un placer saber que la gente cercana va hacia arriba, ahora que ha sido nombrado manager de Diablos Rojos del M\u00e9xico\u201d y \u201cvamos a seguir en contacto porque ya es cabeza del equipo de Liga Mexicana\u201d.<\/p>\n<p>Independientemente del cambio de manager en 2018, confi\u00f3, \u201cMarineros tendr\u00e1 un buen nivel y estar\u00e1 en la pelea\u201d.<\/p>\n","protected":false},"excerpt":{"rendered":"<p>Ensenada, Baja California.- Nunca, desde su responsabilidad directiva, ha pensado en colgarse los arreos que&#8230;<\/p>\n","protected":false},"author":1,"featured_media":2884112,"comment_status":"open","ping_status":"closed","sticky":false,"template":"","format":"standard","meta":{"footnotes":""},"categories":[30,7,18],"tags":[691,859],"class_list":["post-2884014","post","type-post","status-publish","format-standard","has-post-thumbnail","hentry","category-beisbol","category-deportes","category-marineros-de-ensenada","tag-especiales","tag-portada"],"_links":{"self":[{"href":"https:\/\/agpnoticias.com\/news\/index.php?rest_route=\/wp\/v2\/posts\/2884014","targetHints":{"allow":["GET"]}}],"collection":[{"href":"https:\/\/agpnoticias.com\/news\/index.php?rest_route=\/wp\/v2\/posts"}],"about":[{"href":"https:\/\/agpnoticias.com\/news\/index.php?rest_route=\/wp\/v2\/types\/post"}],"author":[{"embeddable":true,"href":"https:\/\/agpnoticias.com\/news\/index.php?rest_route=\/wp\/v2\/users\/1"}],"replies":[{"embeddable":true,"href":"https:\/\/agpnoticias.com\/news\/index.php?rest_route=%2Fwp%2Fv2%2Fcomments&post=2884014"}],"version-history":[{"count":6,"href":"https:\/\/agpnoticias.com\/news\/index.php?rest_route=\/wp\/v2\/posts\/2884014\/revisions"}],"predecessor-version":[{"id":2884115,"href":"https:\/\/agpnoticias.com\/news\/index.php?rest_route=\/wp\/v2\/posts\/2884014\/revisions\/2884115"}],"wp:featuredmedia":[{"embeddable":true,"href":"https:\/\/agpnoticias.com\/news\/index.php?rest_route=\/wp\/v2\/media\/2884112"}],"wp:attachment":[{"href":"https:\/\/agpnoticias.com\/news\/index.php?rest_route=%2Fwp%2Fv2%2Fmedia&parent=2884014"}],"wp:term":[{"taxonomy":"category","embeddable":true,"href":"https:\/\/agpnoticias.com\/news\/index.php?rest_route=%2Fwp%2Fv2%2Fcategories&post=2884014"},{"taxonomy":"post_tag","embeddable":true,"href":"https:\/\/agpnoticias.com\/news\/index.php?rest_route=%2Fwp%2Fv2%2Ftags&post=2884014"}],"curies":[{"name":"wp","href":"https:\/\/api.w.org\/{rel}","templated":true}]}}