{"id":2884057,"date":"2017-12-17T16:24:15","date_gmt":"2017-12-18T00:24:15","guid":{"rendered":"http:\/\/agpnoticias.com\/news\/?p=2884057"},"modified":"2017-12-17T16:26:11","modified_gmt":"2017-12-18T00:26:11","slug":"mexicano-rompe-racha-africana-en-el-maraton-gobernador","status":"publish","type":"post","link":"https:\/\/agpnoticias.com\/news\/?p=2884057","title":{"rendered":"Mexicano rompe racha africana en el Marat\u00f3n Gobernador"},"content":{"rendered":"<p>Mexicali, Baja California &#8211; El mexicano Daniel de Jes\u00fas Vargas S\u00e1nchez se consagr\u00f3 como ganador de la Edici\u00f3n 52 de la Marat\u00f3n Gobernador \u201cFrancisco Vega de Lamadrid\u201d, celebrado este domingo en la capital del estado.<\/p>\n<p>Vargas, originario de Le\u00f3n, Guanajuato, cerr\u00f3 en primer lugar tras registrar un tiempo de 2:14.45, con el cual super\u00f3 el antiguo r\u00e9cord de 2:16.03 impuesto por el keniano George Okworo, quien lo hab\u00eda impuesto en 2008.<\/p>\n<p>Con ello, Vargas tambi\u00e9n se hizo acreedor a la calificaci\u00f3n a los Juegos Centroamericanos y del Caribe de Barranquilla 2018. El segundo lugar fue para Benjamin Kiplimo Meto, tambi\u00e9n de Kenia y quien cerr\u00f3 con 2:17.08, mientras que el tercero fue para el mexicano Dar\u00edo Castro P\u00e9rez, cuya marca fue de 2:17.19.<\/p>\n<p>Vargas y Castro, al hacer el 1-3 para M\u00e9xico, consiguieron los pases a la justa centrocaribe\u00f1a, al registrar las dos mejores marcas del evento, que fuera menor a 2 horas con 25 segundos. En cuarto lugar varonil termin\u00f3 Alfredo Pascual Mart\u00ednez con 2:18.14 y en quinto fue para el et\u00edope Gezahegn Abera Hunde, con 2:18.48. De esta forma, los corredores mexicanos por primera vez en 15 a\u00f1os, los mexicanos superaron a los extranjeros.<\/p>\n<p>Y es que en 2002, fue la \u00faltima vez que un nacional se llevaba el m\u00e1ximo premio en los varones, cuando el michoacano Leonel \u00c1valos, obtuvo el primer puesto en esta justa invernal. El mejor bajacaliforniano dentro de la rama varonil fue Daniel \u201cPollito\u201d Valdez, quien culmin\u00f3 con 2:20.49 de crono, cerrando en octavo lugar.<\/p>\n<p><a href=\"http:\/\/agpnoticias.com\/news\/mexicano-rompe-racha-africana-en-el-maraton-gobernador\/arranquebc-1-2\/\" rel=\"attachment wp-att-2884061\"><img fetchpriority=\"high\" decoding=\"async\" class=\"aligncenter size-full wp-image-2884061\" src=\"http:\/\/agpnoticias.com\/news\/wp-content\/uploads\/2017\/12\/arranquebc-1-1-e1513556569845.jpg\" alt=\"\" width=\"600\" height=\"373\" \/><\/a><\/p>\n<p><b>Dominan africanas en femenil<\/b><\/p>\n<p>En las damas, el pase a Barranquilla qued\u00f3 lejos, ya que la marca m\u00ednima requerida de acuerdo con la FMAA era de 2 horas y 37 minutos. La mejor posesionada de las mexicanas fue Ramona Beltr\u00e1n, con 2:48.37 y quien qued\u00f3 cuarta en el evento a nivel general dentro de esta rama. Sin embargo, se llev\u00f3 el reconocimiento como mejor corredora de Baja California.<\/p>\n<p>Aqu\u00ed la legi\u00f3n africana domin\u00f3 al ganar cuatro de los cinco podios disponibles.\u00a0 El campeonato de este a\u00f1o qued\u00f3 en poder de la keniana Leah Jebiwot Kigen, con 2:43.16. Seguida de ella, arrib\u00f3 su compatriota Salina Jebitok Tarus, con 2:47.17 de tiempo registrado, mientras que en el tercer puesto concluy\u00f3 Ruth Chepkoech Kimutai, con 2:47.19. El quinto lugar fue para otra representante del contingente keniata con Janet Jesire Songoka, al cerrar con 2:50.06.<\/p>\n<p><a href=\"http:\/\/agpnoticias.com\/news\/mexicano-rompe-racha-africana-en-el-maraton-gobernador\/pollito-valdez\/\" rel=\"attachment wp-att-2884062\"><img decoding=\"async\" class=\"aligncenter size-full wp-image-2884062\" src=\"http:\/\/agpnoticias.com\/news\/wp-content\/uploads\/2017\/12\/pollito-valdez-e1513556629374.jpg\" alt=\"\" width=\"600\" height=\"464\" \/><\/a><\/p>\n<p><b>Marat\u00f3n incluyente<\/b><\/p>\n<p>La fiesta de la Marat\u00f3n Gobernador tambi\u00e9n reparti\u00f3 medallas y podios para exponentes del deporte adaptado. En silla de ruedas varonil, Jessie Gil Salgado termin\u00f3 en primer lugar con 2:03.52, mientras que Francisco Postlethwaite Mu\u00f1oz cerr\u00f3 con el subcampeonato al cronometrar 2:25:30. El tercer lugar fue para Manuel Le\u00f3n Ram\u00edrez, al terminar con 2:31:29.<\/p>\n<p>En Ciegos y D\u00e9biles Visuales, Gonzalo Mois\u00e9s Berist\u00e1in Gutierrez culmin\u00f3 como el mejor de la justa al terminar con un tiempo de 3:26.43. El segundo lugar lo gan\u00f3 \u00c1lvaro G\u00f3mez Mej\u00eda con 4:05:59 y el tercero Santiago Galvez Sosa, con 4:07.02.<\/p>\n<p>Tambi\u00e9n, se premi\u00f3 al mejor corredor en la categor\u00eda de atletas Sordos, luego de que Carlos Mateo D\u00edaz Garc\u00eda terminara el recorrido con 4:34:24.<\/p>\n<p><em>Informaci\u00f3n: Instituto del Deporte de Baja California (INDE).<\/em><\/p>\n","protected":false},"excerpt":{"rendered":"<p>Mexicali, Baja California &#8211; El mexicano Daniel de Jes\u00fas Vargas S\u00e1nchez se consagr\u00f3 como ganador&#8230;<\/p>\n","protected":false},"author":1,"featured_media":2884060,"comment_status":"open","ping_status":"closed","sticky":false,"template":"","format":"standard","meta":{"footnotes":""},"categories":[31,73,7],"tags":[595],"class_list":["post-2884057","post","type-post","status-publish","format-standard","has-post-thumbnail","hentry","category-atletismo","category-deportebajacalifornia","category-deportes","tag-destacado"],"_links":{"self":[{"href":"https:\/\/agpnoticias.com\/news\/index.php?rest_route=\/wp\/v2\/posts\/2884057","targetHints":{"allow":["GET"]}}],"collection":[{"href":"https:\/\/agpnoticias.com\/news\/index.php?rest_route=\/wp\/v2\/posts"}],"about":[{"href":"https:\/\/agpnoticias.com\/news\/index.php?rest_route=\/wp\/v2\/types\/post"}],"author":[{"embeddable":true,"href":"https:\/\/agpnoticias.com\/news\/index.php?rest_route=\/wp\/v2\/users\/1"}],"replies":[{"embeddable":true,"href":"https:\/\/agpnoticias.com\/news\/index.php?rest_route=%2Fwp%2Fv2%2Fcomments&post=2884057"}],"version-history":[{"count":2,"href":"https:\/\/agpnoticias.com\/news\/index.php?rest_route=\/wp\/v2\/posts\/2884057\/revisions"}],"predecessor-version":[{"id":2884064,"href":"https:\/\/agpnoticias.com\/news\/index.php?rest_route=\/wp\/v2\/posts\/2884057\/revisions\/2884064"}],"wp:featuredmedia":[{"embeddable":true,"href":"https:\/\/agpnoticias.com\/news\/index.php?rest_route=\/wp\/v2\/media\/2884060"}],"wp:attachment":[{"href":"https:\/\/agpnoticias.com\/news\/index.php?rest_route=%2Fwp%2Fv2%2Fmedia&parent=2884057"}],"wp:term":[{"taxonomy":"category","embeddable":true,"href":"https:\/\/agpnoticias.com\/news\/index.php?rest_route=%2Fwp%2Fv2%2Fcategories&post=2884057"},{"taxonomy":"post_tag","embeddable":true,"href":"https:\/\/agpnoticias.com\/news\/index.php?rest_route=%2Fwp%2Fv2%2Ftags&post=2884057"}],"curies":[{"name":"wp","href":"https:\/\/api.w.org\/{rel}","templated":true}]}}