{"id":2884253,"date":"2017-12-30T15:55:23","date_gmt":"2017-12-30T23:55:23","guid":{"rendered":"http:\/\/agpnoticias.com\/news\/?p=2884253"},"modified":"2017-12-30T16:07:13","modified_gmt":"2017-12-31T00:07:13","slug":"omar-pollo-aguilar-camina-veloz-de-la-mano-de-zanfer","status":"publish","type":"post","link":"https:\/\/agpnoticias.com\/news\/?p=2884253","title":{"rendered":"Omar \u00abPollo\u00bb Aguilar camina veloz de la mano de Zanfer"},"content":{"rendered":"<p>Ensenada, Baja California.- Omar \u201cPollo\u201d Aguilar deseaba cumplir la mayor\u00eda de edad no para salir de fiesta como sus compa\u00f1eros de generaci\u00f3n.<\/p>\n<p>Para \u00e9l, desde que empez\u00f3 a boxear, el l\u00edmite para inscribirse en el listado de peleadores profesionales era ese, llegar a los 18.<\/p>\n<p>Y lo hizo con un bagaje amplio de m\u00e1s de 200 combates amateurs como seleccionado primero de Baja California y luego del pa\u00eds en el CNAR de la Ciudad de M\u00e9xico.<\/p>\n<p>En la actualidad, con mes y medio como profesional, ya ha ganado cuatro combates, todos en Tijuana.<\/p>\n<p>Como respuesta inmediata, Fernando Beltr\u00e1n, titular de la empresa Zanfer, no ha dudado en firmarlo ni en apuntarlo como una de las principales promesas del boxeo mexicano.<\/p>\n<p>\u201cDesde muy chico lo que quer\u00eda era pelear ya como profesional, por ver el box en la tele. Me sent\u00ed bien como amateur donde hay mayor rapidez por la duraci\u00f3n de las peleas, pero como profesional ya los golpes son m\u00e1s s\u00f3lidos y me siento c\u00f3modo\u201d, analiz\u00f3.<\/p>\n<p>A los seis a\u00f1os, de acuerdo al relato de su padre y entrenador Omar \u201cGallo\u201d Aguilar, el \u201cPollo\u201d ya quer\u00eda subirse al ring para intercambiar golpes.<\/p>\n<p>Pero hubo de convencer a Rodolfo Aparicio, su primer entrenador, de que lo suyo no era un juego.<\/p>\n<p>Entonces inici\u00f3 su camino hasta llegar a ser uno de los seleccionados con mayores triunfos para el boxeo de Baja California.<\/p>\n<p>\u201cFueron m\u00e1s de 200 peleas amateurs que me sirvieron mucho ahora como profesional. Todos los d\u00edas voy aprendiendo cosas diferentes que he asimilado por el colmillo ganado, la experiencia que tom\u00e9 como amateur\u201d, relat\u00f3 el ganador de tres oros y dos bronces en Olimpiada Nacional.<\/p>\n<p>Producto de esos resultados fue convocado al CNAR donde permaneci\u00f3 tres a\u00f1os, a partir de que cumpli\u00f3 14, pero decidi\u00f3 poner fin a esa experiencia principalmente por su anhelo de convertirse en profesional, pero tambi\u00e9n por las disputas entre la federaci\u00f3n mexicana y Conade.<\/p>\n<p>\u201cRegres\u00e9 en junio de este a\u00f1o porque ya ten\u00eda planteado pelear profesional a los 18. Esa fue mi meta. De amateur no hab\u00eda nada que me llamara la atenci\u00f3n y la gente de Fernando Beltr\u00e1n se interes\u00f3 en m\u00ed. As\u00ed ha empezado todo\u201d, precis\u00f3.<\/p>\n<figure id=\"attachment_2884254\" aria-describedby=\"caption-attachment-2884254\" style=\"width: 600px\" class=\"wp-caption aligncenter\"><a href=\"http:\/\/agpnoticias.com\/news\/omar-pollo-aguilar-camina-veloz-de-la-mano-de-zanfer\/img_8315\/\" rel=\"attachment wp-att-2884254\"><img fetchpriority=\"high\" decoding=\"async\" class=\"size-full wp-image-2884254\" src=\"http:\/\/agpnoticias.com\/news\/wp-content\/uploads\/2017\/12\/IMG_8315-e1514677998670.jpg\" alt=\"\" width=\"600\" height=\"358\" \/><\/a><figcaption id=\"caption-attachment-2884254\" class=\"wp-caption-text\">Omar Aguilar junto a su padre y entrenador<\/figcaption><\/figure>\n<p>En un principio, \u201ciba a firmar con Guillermo Brito, que es cercano a Zanfer, pero no lo hice. Ten\u00eda el contrato en casa, pero, antes de firmarlo, Fernando Beltr\u00e1n me vio y decidi\u00f3 firmarme \u00e9l. Su apoyo ha sido muy motivante porque le ha gustado mucho mi trabajo, el esfuerzo que ha visto en m\u00ed\u201d.<\/p>\n<p>El 4 de noviembre fue su debut y dos semanas m\u00e1s tarde ya ten\u00eda dos victorias; de entonces a la fecha ya suma cuatro nocauts, todos en el primer asalto.<\/p>\n<p>\u201cLa siguiente es el 27 de enero como principio de un a\u00f1o en el que espero pelear 15 o 16 veces para ir haciendo r\u00e9cord y luego disputar un campeonato regional. Estoy en las 140 libras, super ligero, una divisi\u00f3n fuerte y competitiva, as\u00ed que tengo que ir madurando\u201d, reconoci\u00f3.<\/p>\n<p>Ya son varios a\u00f1os en los que su padre tom\u00f3 la direcci\u00f3n de su carrera, lo que \u201cha sido m\u00e1s sencillo por la comunicaci\u00f3n que existe, es estricto en el gimnasio, pero fuera -dijo- sabemos separar lo familiar\u201d.<\/p>\n<p>Su principal arma, consider\u00f3 el pr\u00f3ximo estudiante de Ingenier\u00eda Industrial por la UABC, \u201ces el gancho al h\u00edgado\u201d, golpe que espera seguir perfeccionando como homenaje a su \u00eddolo, Julio C\u00e9sar Ch\u00e1vez.<\/p>\n<p>Por lo pronto, el peleador nacido en el fraccionamiento P\u00f3rticos del Mar entrena junto a su padre en el gimnasio que han establecido sobre Villas del Real 4, un \u00e1rea vecina rumbo al sur de Ensenada.<\/p>\n<p>\u201cMiro a Omar como un futuro campe\u00f3n, tiene muchas facultades y s\u00f3lo tiene que disciplinarse porque est\u00e1 en una divisi\u00f3n muy dura\u201d, dijo el \u201cGallo\u201d en el espacio al que asisten alrededor de 80 j\u00f3venes con deseos de aprender boxeo, entre ellos su hijo menor, Rub\u00e9n, \u201cque tambi\u00e9n ser\u00e1 profesional\u201d.<\/p>\n","protected":false},"excerpt":{"rendered":"<p>Ensenada, Baja California.- Omar \u201cPollo\u201d Aguilar deseaba cumplir la mayor\u00eda de edad no para salir&#8230;<\/p>\n","protected":false},"author":1,"featured_media":2884255,"comment_status":"open","ping_status":"closed","sticky":false,"template":"","format":"standard","meta":{"footnotes":""},"categories":[36,7],"tags":[859,878],"class_list":["post-2884253","post","type-post","status-publish","format-standard","has-post-thumbnail","hentry","category-boxeo","category-deportes","tag-portada","tag-tendencias"],"_links":{"self":[{"href":"https:\/\/agpnoticias.com\/news\/index.php?rest_route=\/wp\/v2\/posts\/2884253","targetHints":{"allow":["GET"]}}],"collection":[{"href":"https:\/\/agpnoticias.com\/news\/index.php?rest_route=\/wp\/v2\/posts"}],"about":[{"href":"https:\/\/agpnoticias.com\/news\/index.php?rest_route=\/wp\/v2\/types\/post"}],"author":[{"embeddable":true,"href":"https:\/\/agpnoticias.com\/news\/index.php?rest_route=\/wp\/v2\/users\/1"}],"replies":[{"embeddable":true,"href":"https:\/\/agpnoticias.com\/news\/index.php?rest_route=%2Fwp%2Fv2%2Fcomments&post=2884253"}],"version-history":[{"count":3,"href":"https:\/\/agpnoticias.com\/news\/index.php?rest_route=\/wp\/v2\/posts\/2884253\/revisions"}],"predecessor-version":[{"id":2884258,"href":"https:\/\/agpnoticias.com\/news\/index.php?rest_route=\/wp\/v2\/posts\/2884253\/revisions\/2884258"}],"wp:featuredmedia":[{"embeddable":true,"href":"https:\/\/agpnoticias.com\/news\/index.php?rest_route=\/wp\/v2\/media\/2884255"}],"wp:attachment":[{"href":"https:\/\/agpnoticias.com\/news\/index.php?rest_route=%2Fwp%2Fv2%2Fmedia&parent=2884253"}],"wp:term":[{"taxonomy":"category","embeddable":true,"href":"https:\/\/agpnoticias.com\/news\/index.php?rest_route=%2Fwp%2Fv2%2Fcategories&post=2884253"},{"taxonomy":"post_tag","embeddable":true,"href":"https:\/\/agpnoticias.com\/news\/index.php?rest_route=%2Fwp%2Fv2%2Ftags&post=2884253"}],"curies":[{"name":"wp","href":"https:\/\/api.w.org\/{rel}","templated":true}]}}