{"id":2884489,"date":"2018-01-09T21:06:53","date_gmt":"2018-01-10T05:06:53","guid":{"rendered":"http:\/\/agpnoticias.com\/news\/?p=2884489"},"modified":"2018-01-10T19:07:47","modified_gmt":"2018-01-11T03:07:47","slug":"fernando-perez-cumplio-con-naranjeros-y-va-con-el-semifinalista-culiacan","status":"publish","type":"post","link":"https:\/\/agpnoticias.com\/news\/?p=2884489","title":{"rendered":"Fernando P\u00e9rez cumpli\u00f3 con Naranjeros y va con el semifinalista Culiac\u00e1n"},"content":{"rendered":"<p>Ensenada, Baja California.- Por su consistente temporada con Naranjeros de Hermosillo, Fernando P\u00e9rez Mayoral fue elegido como uno de los refuerzos de los semifinalistas Tomateros de Culiac\u00e1n rumbo a la serie frente a los campeones de la Liga Mexicana del Pac\u00edfico, \u00c1guilas de Mexicali.<\/p>\n<p>\u201cEstoy agradecido con Tomateros por tomarme en cuenta, muy contento y emocionado, motivado de seguir adelante. Es una fase muy bonita de mi carrera como primera vez que me toman de refuerzo\u201d, indic\u00f3 entrevistado por Naranjeros Radio.<\/p>\n<p>El pelotero ensenadense calific\u00f3 como \u201cbuena (la) temporada en lo personal, por primera vez jugando todos los d\u00edas\u201d.<\/p>\n<p>Fernando P\u00e9rez logr\u00f3 la titularidad como ocupante de la segunda base, posici\u00f3n que por a\u00f1os cubri\u00f3 Carlos \u201cChispa\u201d Gast\u00e9lum, adem\u00e1s de convertirse en el intermedialista con m\u00e1s jonrones (11) en la historia de Hermosillo.<\/p>\n<p>\u201cNo sab\u00eda de ese r\u00e9cord y estoy contento de estar con esos nombres de historia en el beisbol mexicano\u201d, apunt\u00f3 en referencia a la marca que se hallaba en poder de Miguel Flores.<\/p>\n<p>En la entrevista agradeci\u00f3 el respaldo de su familia, desde Ensenada.<\/p>\n<p>\u201cMis pap\u00e1s y mis hermanas, mis abuelos, son mis fan\u00e1ticos n\u00famero uno. Siempre me apoyan cuando las cosas no van bien\u201d, coment\u00f3.<\/p>\n<p>Asimismo, reconoci\u00f3 como \u201cuna experiencia muy bonita\u201d el hecho de jugar con otro ensenadense, el campo corto Jorge Flores. \u201cLos dos venimos de Ensenada y tambi\u00e9n jugamos colegio juntos (en Estados Unidos)\u201d.<\/p>\n","protected":false},"excerpt":{"rendered":"<p>Ensenada, Baja California.- Por su consistente temporada con Naranjeros de Hermosillo, Fernando P\u00e9rez Mayoral fue&#8230;<\/p>\n","protected":false},"author":1,"featured_media":2884490,"comment_status":"open","ping_status":"closed","sticky":false,"template":"","format":"standard","meta":{"footnotes":""},"categories":[30,7],"tags":[595],"class_list":["post-2884489","post","type-post","status-publish","format-standard","has-post-thumbnail","hentry","category-beisbol","category-deportes","tag-destacado"],"_links":{"self":[{"href":"https:\/\/agpnoticias.com\/news\/index.php?rest_route=\/wp\/v2\/posts\/2884489","targetHints":{"allow":["GET"]}}],"collection":[{"href":"https:\/\/agpnoticias.com\/news\/index.php?rest_route=\/wp\/v2\/posts"}],"about":[{"href":"https:\/\/agpnoticias.com\/news\/index.php?rest_route=\/wp\/v2\/types\/post"}],"author":[{"embeddable":true,"href":"https:\/\/agpnoticias.com\/news\/index.php?rest_route=\/wp\/v2\/users\/1"}],"replies":[{"embeddable":true,"href":"https:\/\/agpnoticias.com\/news\/index.php?rest_route=%2Fwp%2Fv2%2Fcomments&post=2884489"}],"version-history":[{"count":2,"href":"https:\/\/agpnoticias.com\/news\/index.php?rest_route=\/wp\/v2\/posts\/2884489\/revisions"}],"predecessor-version":[{"id":2884492,"href":"https:\/\/agpnoticias.com\/news\/index.php?rest_route=\/wp\/v2\/posts\/2884489\/revisions\/2884492"}],"wp:featuredmedia":[{"embeddable":true,"href":"https:\/\/agpnoticias.com\/news\/index.php?rest_route=\/wp\/v2\/media\/2884490"}],"wp:attachment":[{"href":"https:\/\/agpnoticias.com\/news\/index.php?rest_route=%2Fwp%2Fv2%2Fmedia&parent=2884489"}],"wp:term":[{"taxonomy":"category","embeddable":true,"href":"https:\/\/agpnoticias.com\/news\/index.php?rest_route=%2Fwp%2Fv2%2Fcategories&post=2884489"},{"taxonomy":"post_tag","embeddable":true,"href":"https:\/\/agpnoticias.com\/news\/index.php?rest_route=%2Fwp%2Fv2%2Ftags&post=2884489"}],"curies":[{"name":"wp","href":"https:\/\/api.w.org\/{rel}","templated":true}]}}