{"id":2885105,"date":"2018-02-05T16:19:22","date_gmt":"2018-02-06T00:19:22","guid":{"rendered":"http:\/\/agpnoticias.com\/news\/?p=2885105"},"modified":"2018-02-06T00:14:04","modified_gmt":"2018-02-06T08:14:04","slug":"armando-luque-y-johana-moran-encabezan-la-nueva-generacion-de-juan-diego","status":"publish","type":"post","link":"https:\/\/agpnoticias.com\/news\/?p=2885105","title":{"rendered":"Armando Luque y Johana Mor\u00e1n encabezan la nueva generaci\u00f3n de Juan Diego"},"content":{"rendered":"<p>Ensenada, Baja California.- Armando Luque y Johana Mor\u00e1n cumplieron con los siguientes pasos en sus procesos respectivos a Juegos Centroamericanos y del Caribe y Juegos Ol\u00edmpicos de la Juventud.<\/p>\n<p>Ambos forman parte del grupo de karatecas dirigidos por Juan Diego Rodr\u00edguez en la escuela Mushin Kai Central de Ensenada como integrantes de la delegaci\u00f3n que particip\u00f3 en los m\u00e1s recientes selectivos nacionales y el Abierto Mexicano de Karate.<\/p>\n<p>El titular de la organizaci\u00f3n destac\u00f3 los seis primeros lugares conseguidos en esa \u00faltima competencia disputada en Oaxtepec, Morelos.<\/p>\n<p>En cuanto al preselectivo a los Juegos Centroamericanos y del Caribe, Juan Diego Rodr\u00edguez puntualiz\u00f3 el triunfo que Armando Luque logr\u00f3 en el camino a Juegos Centroamericanos sobre el campe\u00f3n nacional Daniel Vargas.<\/p>\n<p>Sin embargo, al final qued\u00f3 tercero en Kumite (Combate) por lo que tendr\u00eda que registrarse la baja de uno de los dos primeros lugares para colocarse en la justa con sede en Barranquilla, Colombia.<\/p>\n<figure id=\"attachment_2885108\" aria-describedby=\"caption-attachment-2885108\" style=\"width: 600px\" class=\"wp-caption aligncenter\"><img fetchpriority=\"high\" decoding=\"async\" class=\"size-full wp-image-2885108\" src=\"http:\/\/agpnoticias.com\/news\/wp-content\/uploads\/2018\/02\/IMG_2015-e1517876091371.jpg\" alt=\"\" width=\"600\" height=\"365\" \/><figcaption id=\"caption-attachment-2885108\" class=\"wp-caption-text\">Armando Luque y su hermana Ericka con sus entrenadores<\/figcaption><\/figure>\n<p>Y Johana Mor\u00e1n fue segunda en el selectivo nacional a Juegos Ol\u00edmpicos de la Juventud en espera de cumplir con el tercero de los filtros clasificatorios.<\/p>\n<p>Con m\u00e1s de 20 a\u00f1os en la formaci\u00f3n de seleccionados estatales y nacionales, Juan Diego Rodr\u00edguez tambi\u00e9n subray\u00f3 lo hecho por sus dirigidos infantiles y juveniles dentro del estatal a Olimpiada Nacional, clasificatorio a la fase regional programada dentro de unos d\u00edas en Ensenada.<\/p>\n<p>En ese evento, con sede en el gimnasio municipal \u00d3scar \u201cTigre\u201d Garc\u00eda, los 31 integrantes inscritos de Mushin Kai Central lograron 51 medallas, divididas en 11 oros, 17 platas y 7 bronces.<\/p>\n<figure id=\"attachment_2885109\" aria-describedby=\"caption-attachment-2885109\" style=\"width: 600px\" class=\"wp-caption aligncenter\"><img decoding=\"async\" class=\"size-full wp-image-2885109\" src=\"http:\/\/agpnoticias.com\/news\/wp-content\/uploads\/2018\/02\/IMG_2018-e1517876177831.jpg\" alt=\"\" width=\"600\" height=\"411\" \/><figcaption id=\"caption-attachment-2885109\" class=\"wp-caption-text\">Medallistas del Abierto Mexicano<\/figcaption><\/figure>\n<p><strong>IV Abierto Mexicano de Karate Do<\/strong><\/p>\n<p>Carlos Escalera: Primero en Kumite y Tercero en Kata<\/p>\n<p>Tadeo Trujillo: Tercer lugar en Kata<\/p>\n<p>Ericka Luque: Primer lugar en Kumite<\/p>\n<p>Leonardo Ruvalcaba: Primer lugar en Kumite<\/p>\n<p>Johana Mor\u00e1n: Primer Lugar en Kumite<\/p>\n<p>Adri\u00e1n Mart\u00ednez: Primer lugar en Kumite<\/p>\n<p>Armando Luque: Primer lugar en Kumite (Juvemil Mayor) y Segundo en Kumite (Adultos)<\/p>\n<p><strong>Preselectivo nacional para el Campeonato Centroamericano y del Caribe<\/strong><\/p>\n<p>Erika Luque: Tercer lugar en Kata<\/p>\n<p>Johana Mor\u00e1n: Primer lugar en Kumite<\/p>\n<p>Adri\u00e1n Mart\u00ednez: Tercer lugar en Kumite<\/p>\n<p><img decoding=\"async\" class=\"aligncenter size-full wp-image-2885107\" src=\"http:\/\/agpnoticias.com\/news\/wp-content\/uploads\/2018\/02\/IMG_2014-e1517876228629.jpg\" alt=\"\" width=\"600\" height=\"400\" \/><\/p>\n<p><strong>Selectivo nacional para el Campeonato Centroamericano y del Caribe<\/strong><\/p>\n<p>Leonardo Ruvalcaba: Primer lugar en Kumite<\/p>\n<p>Johana Mor\u00e1n: Tercer lugar en Kumite<\/p>\n<p>Ericka Luque: Primer lugar en Kumite<\/p>\n<p>Adri\u00e1n Mart\u00ednez: Segundo lugar en Kumite<\/p>\n<p>Armando Luque: Primer lugar en Kumite<\/p>\n<p><strong>Preselectivo nacional para el Campeonato Centroamericano y del Caribe (Adultos)<\/strong><\/p>\n<p>Armando Luque: Tercer lugar en Kumite<\/p>\n<p><strong>Selectivo nacional para los Juegos Centroamericanos y del Caribe<\/strong><\/p>\n<p>Armando Luque: Tercer lugar en Kumite<\/p>\n<p><strong>Segundo selectivo a Juegos Ol\u00edmpicos de la Juventud<\/strong><\/p>\n<p>Johana Mor\u00e1n: Tercer lugar en Kumite<\/p>\n<p><img loading=\"lazy\" decoding=\"async\" class=\"aligncenter size-full wp-image-2885110\" src=\"http:\/\/agpnoticias.com\/news\/wp-content\/uploads\/2018\/02\/IMG_2021-e1517876290264.jpg\" alt=\"\" width=\"600\" height=\"431\" \/><\/p>\n","protected":false},"excerpt":{"rendered":"<p>Ensenada, Baja California.- Armando Luque y Johana Mor\u00e1n cumplieron con los siguientes pasos en sus&#8230;<\/p>\n","protected":false},"author":1,"featured_media":2885106,"comment_status":"open","ping_status":"closed","sticky":false,"template":"","format":"standard","meta":{"footnotes":""},"categories":[73,7,695],"tags":[595],"class_list":["post-2885105","post","type-post","status-publish","format-standard","has-post-thumbnail","hentry","category-deportebajacalifornia","category-deportes","category-karate","tag-destacado"],"_links":{"self":[{"href":"https:\/\/agpnoticias.com\/news\/index.php?rest_route=\/wp\/v2\/posts\/2885105","targetHints":{"allow":["GET"]}}],"collection":[{"href":"https:\/\/agpnoticias.com\/news\/index.php?rest_route=\/wp\/v2\/posts"}],"about":[{"href":"https:\/\/agpnoticias.com\/news\/index.php?rest_route=\/wp\/v2\/types\/post"}],"author":[{"embeddable":true,"href":"https:\/\/agpnoticias.com\/news\/index.php?rest_route=\/wp\/v2\/users\/1"}],"replies":[{"embeddable":true,"href":"https:\/\/agpnoticias.com\/news\/index.php?rest_route=%2Fwp%2Fv2%2Fcomments&post=2885105"}],"version-history":[{"count":1,"href":"https:\/\/agpnoticias.com\/news\/index.php?rest_route=\/wp\/v2\/posts\/2885105\/revisions"}],"predecessor-version":[{"id":2885111,"href":"https:\/\/agpnoticias.com\/news\/index.php?rest_route=\/wp\/v2\/posts\/2885105\/revisions\/2885111"}],"wp:featuredmedia":[{"embeddable":true,"href":"https:\/\/agpnoticias.com\/news\/index.php?rest_route=\/wp\/v2\/media\/2885106"}],"wp:attachment":[{"href":"https:\/\/agpnoticias.com\/news\/index.php?rest_route=%2Fwp%2Fv2%2Fmedia&parent=2885105"}],"wp:term":[{"taxonomy":"category","embeddable":true,"href":"https:\/\/agpnoticias.com\/news\/index.php?rest_route=%2Fwp%2Fv2%2Fcategories&post=2885105"},{"taxonomy":"post_tag","embeddable":true,"href":"https:\/\/agpnoticias.com\/news\/index.php?rest_route=%2Fwp%2Fv2%2Ftags&post=2885105"}],"curies":[{"name":"wp","href":"https:\/\/api.w.org\/{rel}","templated":true}]}}