{"id":2885131,"date":"2018-02-06T20:43:24","date_gmt":"2018-02-07T04:43:24","guid":{"rendered":"http:\/\/agpnoticias.com\/news\/?p=2885131"},"modified":"2018-02-12T02:47:51","modified_gmt":"2018-02-12T10:47:51","slug":"en-esmeralda-leonardo-cuellar-encuentra-soluciones-para-america","status":"publish","type":"post","link":"https:\/\/agpnoticias.com\/news\/?p=2885131","title":{"rendered":"En Esmeralda, Leonardo Cu\u00e9llar encuentra soluciones para Am\u00e9rica"},"content":{"rendered":"<p>Tijuana, Baja California.- Leonardo Cu\u00e9llar sab\u00eda lo que Esmeralda Verdugo pod\u00eda darle a Am\u00e9rica.<\/p>\n<p>El ex t\u00e9cnico nacional la convoc\u00f3 varias veces a la selecci\u00f3n mexicana. De ah\u00ed su confianza para sumarla al proyecto que encabeza como entrenador de las \u00c1guilas.<\/p>\n<p>Con participaci\u00f3n en los cinco juegos de la Liga MX y 349 minutos, la jugadora ensenadense ha sido base del plantel ganador de cuatro de los partidos disputados en el Clausura 2018.<\/p>\n<figure id=\"attachment_2885132\" aria-describedby=\"caption-attachment-2885132\" style=\"width: 340px\" class=\"wp-caption alignright\"><img fetchpriority=\"high\" decoding=\"async\" class=\"size-full wp-image-2885132\" src=\"http:\/\/agpnoticias.com\/news\/wp-content\/uploads\/2018\/02\/IMG_3335-e1517978017339.jpg\" alt=\"\" width=\"340\" height=\"241\" \/><figcaption id=\"caption-attachment-2885132\" class=\"wp-caption-text\">Leonardo Cu\u00e9llar, t\u00e9cnico de Am\u00e9rica<\/figcaption><\/figure>\n<p>\u201cElla ha hecho un gran trabajo en los pasados partidos y creo que esta vez se presion\u00f3 un poco por estar en casa y no es f\u00e1cil querer agradar a su familia y a su gente\u201d, dijo en relaci\u00f3n al fallo de un cobro penal.<\/p>\n<p>Pero reconoci\u00f3 que su aportaci\u00f3n, \u201ces un plus en nuestro roster esta temporada\u201d.<\/p>\n<p>\u201cHe tenido a Esmeralda en los procesos de selecci\u00f3n nacional, entonces vimos que estaba en Tijuana y qued\u00f3 libre, as\u00ed que fue una opci\u00f3n interesante. Para m\u00ed es una buena posibilidad por fuera, entendiendo que estamos dejando ir a las jugadoras de la Sub20\u201d, explic\u00f3.<\/p>\n<p>Tambi\u00e9n elogi\u00f3 la gama de opciones que puede brindarle en el rengl\u00f3n t\u00e1ctico.<\/p>\n<p>\u201cJuega por las dos bandas, e incluso la he puesto a jugar detr\u00e1s de la centro-delantero. Es vers\u00e1til y en algunas ocasiones me gusta ponerla en el centro para acercarla a gol, ya que tiene muy buen disparo\u201d, complet\u00f3.<\/p>\n<p>Y sobre la lesi\u00f3n que oblig\u00f3 la salida de la bajacaliforniana al minuto 58 del encuentro ganado 1-0 ante Xolos, dijo que \u201cse torci\u00f3 el tobillo y hay que ver si es de primero o segundo grado porque ahora se viene muy corto el tiempo para el partido del s\u00e1bado\u201d.<\/p>\n<figure id=\"attachment_2885134\" aria-describedby=\"caption-attachment-2885134\" style=\"width: 600px\" class=\"wp-caption aligncenter\"><img decoding=\"async\" class=\"size-full wp-image-2885134\" src=\"http:\/\/agpnoticias.com\/news\/wp-content\/uploads\/2018\/02\/IMG_3538-e1517978565534.jpg\" alt=\"\" width=\"600\" height=\"400\" \/><figcaption id=\"caption-attachment-2885134\" class=\"wp-caption-text\">La futbolista ensenadense sali\u00f3 por lesi\u00f3n de la cancha del estadio Caliente<\/figcaption><\/figure>\n","protected":false},"excerpt":{"rendered":"<p>Tijuana, Baja California.- Leonardo Cu\u00e9llar sab\u00eda lo que Esmeralda Verdugo pod\u00eda darle a Am\u00e9rica. El&#8230;<\/p>\n","protected":false},"author":1,"featured_media":2885135,"comment_status":"open","ping_status":"closed","sticky":false,"template":"","format":"standard","meta":{"footnotes":""},"categories":[7,32],"tags":[595],"class_list":["post-2885131","post","type-post","status-publish","format-standard","has-post-thumbnail","hentry","category-deportes","category-soccer","tag-destacado"],"_links":{"self":[{"href":"https:\/\/agpnoticias.com\/news\/index.php?rest_route=\/wp\/v2\/posts\/2885131","targetHints":{"allow":["GET"]}}],"collection":[{"href":"https:\/\/agpnoticias.com\/news\/index.php?rest_route=\/wp\/v2\/posts"}],"about":[{"href":"https:\/\/agpnoticias.com\/news\/index.php?rest_route=\/wp\/v2\/types\/post"}],"author":[{"embeddable":true,"href":"https:\/\/agpnoticias.com\/news\/index.php?rest_route=\/wp\/v2\/users\/1"}],"replies":[{"embeddable":true,"href":"https:\/\/agpnoticias.com\/news\/index.php?rest_route=%2Fwp%2Fv2%2Fcomments&post=2885131"}],"version-history":[{"count":1,"href":"https:\/\/agpnoticias.com\/news\/index.php?rest_route=\/wp\/v2\/posts\/2885131\/revisions"}],"predecessor-version":[{"id":2885136,"href":"https:\/\/agpnoticias.com\/news\/index.php?rest_route=\/wp\/v2\/posts\/2885131\/revisions\/2885136"}],"wp:featuredmedia":[{"embeddable":true,"href":"https:\/\/agpnoticias.com\/news\/index.php?rest_route=\/wp\/v2\/media\/2885135"}],"wp:attachment":[{"href":"https:\/\/agpnoticias.com\/news\/index.php?rest_route=%2Fwp%2Fv2%2Fmedia&parent=2885131"}],"wp:term":[{"taxonomy":"category","embeddable":true,"href":"https:\/\/agpnoticias.com\/news\/index.php?rest_route=%2Fwp%2Fv2%2Fcategories&post=2885131"},{"taxonomy":"post_tag","embeddable":true,"href":"https:\/\/agpnoticias.com\/news\/index.php?rest_route=%2Fwp%2Fv2%2Ftags&post=2885131"}],"curies":[{"name":"wp","href":"https:\/\/api.w.org\/{rel}","templated":true}]}}