{"id":2885173,"date":"2018-02-08T17:46:07","date_gmt":"2018-02-09T01:46:07","guid":{"rendered":"http:\/\/agpnoticias.com\/news\/?p=2885173"},"modified":"2018-02-09T11:09:30","modified_gmt":"2018-02-09T19:09:30","slug":"campeones-de-cetys-reconocidos-por-sus-titulos","status":"publish","type":"post","link":"https:\/\/agpnoticias.com\/news\/?p=2885173","title":{"rendered":"Campeones de CETYS reconocidos por sus t\u00edtulos"},"content":{"rendered":"<p>Ensenada, Baja California.- Los campeones de CETYS Universidad Campus Internacional Ensenada fueron reconocidos por sus logros en las disciplinas de baloncesto varonil y femenil, futbol americano y voleibol femenil.<\/p>\n<p>Cada integrante de los planteles, as\u00ed como sus cuerpos t\u00e9cnicos, recibieron un diploma y una camiseta alusiva a la meta cumplida dentro de los respectivos cert\u00e1menes donde participaron, durante una ceremonia con sede en la explanada frente a la mayor\u00eda del estudiantado.<\/p>\n<p>El plantel femenil de CETYS Ensenada, bajo la gu\u00eda de Ver\u00f3nica Angulo, logr\u00f3 ganar la final de la categor\u00eda abierta dentro del Circuito Bajacaliforniano de Voleibol (Cibavol) frente al seleccionado de Baja California que representa al CAR de Tijuana.<\/p>\n<figure id=\"attachment_2885176\" aria-describedby=\"caption-attachment-2885176\" style=\"width: 600px\" class=\"wp-caption aligncenter\"><img fetchpriority=\"high\" decoding=\"async\" class=\"size-full wp-image-2885176\" src=\"http:\/\/agpnoticias.com\/news\/wp-content\/uploads\/2018\/02\/IMG_3657-e1518140055150.jpg\" alt=\"\" width=\"600\" height=\"407\" \/><figcaption id=\"caption-attachment-2885176\" class=\"wp-caption-text\">Las campeones de Cibavol fueron reconocidas<\/figcaption><\/figure>\n<p>En el caso del baloncesto varonil, el equipo conducido por Alejandro Ortiz fue campe\u00f3n de la eliminatoria regional de Conadeip frente a CETYS Mexicali y el Tecnol\u00f3gico de Monterrey Campus Sonora.<\/p>\n<p>Y en el nacional se ubic\u00f3 entre los seis primeros del certamen celebrado en Monterrey, Nuevo Le\u00f3n, donde el plantel ensenadense debut\u00f3 a ese nivel ante el Tecnol\u00f3gico de Monterrey, la Universidad Regiomontana y la Universidad San Carlos de la Ciudad de M\u00e9xico, entre otras potencias del pa\u00eds.<\/p>\n<figure id=\"attachment_2885174\" aria-describedby=\"caption-attachment-2885174\" style=\"width: 600px\" class=\"wp-caption aligncenter\"><img decoding=\"async\" class=\"size-full wp-image-2885174\" src=\"http:\/\/agpnoticias.com\/news\/wp-content\/uploads\/2018\/02\/IMG_3651-e1518139937390.jpg\" alt=\"\" width=\"600\" height=\"393\" \/><figcaption id=\"caption-attachment-2885174\" class=\"wp-caption-text\">Zorros, campeones regionales de baloncesto Conadeip<\/figcaption><\/figure>\n<p>En cuanto a la rama femenil, las dirigidas por \u00c1ngel Barajas se coronaron en la prestigiada Cipa San Marcelino Champagnat de Tijuana como integrantes de la categor\u00eda Juvenil B.<\/p>\n<figure id=\"attachment_2885177\" aria-describedby=\"caption-attachment-2885177\" style=\"width: 600px\" class=\"wp-caption aligncenter\"><img decoding=\"async\" class=\"size-full wp-image-2885177\" src=\"http:\/\/agpnoticias.com\/news\/wp-content\/uploads\/2018\/02\/IMG_3661-e1518140020556.jpg\" alt=\"\" width=\"600\" height=\"400\" \/><figcaption id=\"caption-attachment-2885177\" class=\"wp-caption-text\">El equipo femenil de basquetbol gan\u00f3 su categor\u00eda en la Copa San Marcelino Champagnat<\/figcaption><\/figure>\n<p>Los Zorros del coach Juan Carlos \u201cOjitos\u201d Garc\u00eda, lleg\u00f3 el bicampeonato de la Divisi\u00f3n II, categor\u00eda Varisty, al imponerse en la final a An\u00e1huac por segundo a\u00f1o en fila dentro del torneo de la Organizaci\u00f3n Estudiantil de Futbol Americano.<\/p>\n<figure id=\"attachment_2885175\" aria-describedby=\"caption-attachment-2885175\" style=\"width: 600px\" class=\"wp-caption aligncenter\"><img loading=\"lazy\" decoding=\"async\" class=\"size-full wp-image-2885175\" src=\"http:\/\/agpnoticias.com\/news\/wp-content\/uploads\/2018\/02\/IMG_3653-e1518139977101.jpg\" alt=\"\" width=\"600\" height=\"327\" \/><figcaption id=\"caption-attachment-2885175\" class=\"wp-caption-text\">CETYS Ensenada es bicampe\u00f3n de la categor\u00eda varsity de OEFA<\/figcaption><\/figure>\n<p>Jessica Ibarra Ramonett reconoci\u00f3 lo hecho en el m\u00e1s reciente ciclo por los representativos de CETYS Ensenada, pues en 2017 se festejaron logros municipales, mientras que 2018 ha iniciado con el reconocimiento a triunfos estatales y regionales.<\/p>\n<p>La directora Zona Costa destac\u00f3 que el Gimnasio-Auditorio, sede de los campeonatos ganados por el representativo de baloncesto varonil en el regional de Conadeip, as\u00ed como el del plantel de voleibol femenil en Cibavol, ha cumplido su objetivo.<\/p>\n<p>\u201cEs una realidad, ya tienen su casa: La Casa de los Zorros\u201d, afirm\u00f3.<\/p>\n<figure id=\"attachment_2885178\" aria-describedby=\"caption-attachment-2885178\" style=\"width: 600px\" class=\"wp-caption aligncenter\"><img loading=\"lazy\" decoding=\"async\" class=\"size-full wp-image-2885178\" src=\"http:\/\/agpnoticias.com\/news\/wp-content\/uploads\/2018\/02\/IMG_3676-e1518140093412.jpg\" alt=\"\" width=\"600\" height=\"400\" \/><figcaption id=\"caption-attachment-2885178\" class=\"wp-caption-text\">Jessica Ibarra, directora Zona Costa<\/figcaption><\/figure>\n<p>A nombre de los atletas habl\u00f3 \u201cEl Toro\u201d H\u00e9ctor Vel\u00e1zquez, campe\u00f3n con el plantel de basquetbol en el regional de Conadeip y ubicado entre los seis mejores planteles del pa\u00eds durante el nacional disputado en Monterrey.<\/p>\n<p>\u201cCETYS nos brinda todas las herramientas para desarrollarnos f\u00edsica, t\u00e9cnica y t\u00e1cticamente. En el caso del basquetbol, contamos con grandes entrenadores y un excelente gimnasio auditorio y de preparaci\u00f3n f\u00edsica\u201d, coment\u00f3.<\/p>\n<figure id=\"attachment_2885180\" aria-describedby=\"caption-attachment-2885180\" style=\"width: 600px\" class=\"wp-caption aligncenter\"><img loading=\"lazy\" decoding=\"async\" class=\"size-full wp-image-2885180\" src=\"http:\/\/agpnoticias.com\/news\/wp-content\/uploads\/2018\/02\/IMG_3809-e1518140206506.jpg\" alt=\"\" width=\"600\" height=\"400\" \/><figcaption id=\"caption-attachment-2885180\" class=\"wp-caption-text\">H\u00e9ctor Vel\u00e1zquez, campe\u00f3n regional de Conadeip<\/figcaption><\/figure>\n<p>Y reconoci\u00f3 el trabajo de equipo logrado por el entrenador Alejandro Ortiz.<\/p>\n<p>\u201cDesde que ingrese al equipo mis compa\u00f1eros y yo hemos trabajado duro y el trabajo en equipo nos ha dado excelentes resultados\u201d, apunt\u00f3 en representaci\u00f3n de los atletas reconocidos.<\/p>\n<p>Por parte de los entrenadores, el discurso estuvo a cargo de Ver\u00f3nica Angulo, cuyo discurso fue dirigido a sus campeonas de la Cibavol a quienes recomend\u00f3 superar ese \u00e9xito y pensar en ganar la eliminatoria municipal de Conadems, despu\u00e9s de varios subcampeonatos.<\/p>\n<figure id=\"attachment_2885179\" aria-describedby=\"caption-attachment-2885179\" style=\"width: 600px\" class=\"wp-caption aligncenter\"><img loading=\"lazy\" decoding=\"async\" class=\"size-full wp-image-2885179\" src=\"http:\/\/agpnoticias.com\/news\/wp-content\/uploads\/2018\/02\/IMG_3796-e1518140162749.jpg\" alt=\"\" width=\"600\" height=\"346\" \/><figcaption id=\"caption-attachment-2885179\" class=\"wp-caption-text\">Ver\u00f3nica Angulo dio el discurso en representaci\u00f3n de los entrenadores de CETYS<\/figcaption><\/figure>\n<p>La responsable del conjunto de voleibol femenil agradeci\u00f3 a la directora Zona Costa por el apoyo brindado al \u00e1rea deportiva de CETYS, como base de los resultados registrados.<\/p>\n<p>Jessica Ibarra, directora Zona Costa, fue acompa\u00f1ada en la entrega de reconocimientos por Ana Gloria Pedr\u00edn, directora de la Preparatoria CETYS, el director de Asuntos Estudiantiles Luis Batista.<\/p>\n<figure id=\"attachment_2885183\" aria-describedby=\"caption-attachment-2885183\" style=\"width: 600px\" class=\"wp-caption aligncenter\"><img loading=\"lazy\" decoding=\"async\" class=\"size-full wp-image-2885183\" src=\"http:\/\/agpnoticias.com\/news\/wp-content\/uploads\/2018\/02\/IMG_3730-e1518140724412.jpg\" alt=\"\" width=\"600\" height=\"400\" \/><figcaption id=\"caption-attachment-2885183\" class=\"wp-caption-text\">El entrenador de futbol americano, Juan Carlos Garc\u00eda, durante la ceremonia<\/figcaption><\/figure>\n","protected":false},"excerpt":{"rendered":"<p>Ensenada, Baja California.- Los campeones de CETYS Universidad Campus Internacional Ensenada fueron reconocidos por sus&#8230;<\/p>\n","protected":false},"author":1,"featured_media":2885182,"comment_status":"open","ping_status":"closed","sticky":false,"template":"","format":"standard","meta":{"footnotes":""},"categories":[879,704,7],"tags":[595],"class_list":["post-2885173","post","type-post","status-publish","format-standard","has-post-thumbnail","hentry","category-cetys-universidad","category-deporte-estudiantil","category-deportes","tag-destacado"],"_links":{"self":[{"href":"https:\/\/agpnoticias.com\/news\/index.php?rest_route=\/wp\/v2\/posts\/2885173","targetHints":{"allow":["GET"]}}],"collection":[{"href":"https:\/\/agpnoticias.com\/news\/index.php?rest_route=\/wp\/v2\/posts"}],"about":[{"href":"https:\/\/agpnoticias.com\/news\/index.php?rest_route=\/wp\/v2\/types\/post"}],"author":[{"embeddable":true,"href":"https:\/\/agpnoticias.com\/news\/index.php?rest_route=\/wp\/v2\/users\/1"}],"replies":[{"embeddable":true,"href":"https:\/\/agpnoticias.com\/news\/index.php?rest_route=%2Fwp%2Fv2%2Fcomments&post=2885173"}],"version-history":[{"count":2,"href":"https:\/\/agpnoticias.com\/news\/index.php?rest_route=\/wp\/v2\/posts\/2885173\/revisions"}],"predecessor-version":[{"id":2885185,"href":"https:\/\/agpnoticias.com\/news\/index.php?rest_route=\/wp\/v2\/posts\/2885173\/revisions\/2885185"}],"wp:featuredmedia":[{"embeddable":true,"href":"https:\/\/agpnoticias.com\/news\/index.php?rest_route=\/wp\/v2\/media\/2885182"}],"wp:attachment":[{"href":"https:\/\/agpnoticias.com\/news\/index.php?rest_route=%2Fwp%2Fv2%2Fmedia&parent=2885173"}],"wp:term":[{"taxonomy":"category","embeddable":true,"href":"https:\/\/agpnoticias.com\/news\/index.php?rest_route=%2Fwp%2Fv2%2Fcategories&post=2885173"},{"taxonomy":"post_tag","embeddable":true,"href":"https:\/\/agpnoticias.com\/news\/index.php?rest_route=%2Fwp%2Fv2%2Ftags&post=2885173"}],"curies":[{"name":"wp","href":"https:\/\/api.w.org\/{rel}","templated":true}]}}