{"id":2886318,"date":"2018-03-12T22:27:38","date_gmt":"2018-03-13T05:27:38","guid":{"rendered":"http:\/\/agpnoticias.com\/news\/?p=2886318"},"modified":"2018-03-12T23:46:19","modified_gmt":"2018-03-13T06:46:19","slug":"recibimiento-publico-a-daniel-corral-en-ensenada","status":"publish","type":"post","link":"https:\/\/agpnoticias.com\/news\/?p=2886318","title":{"rendered":"Recibimiento p\u00fablico a Daniel Corral en Ensenada"},"content":{"rendered":"<p>Ensenada, Baja California.- Daniel Corral, tras m\u00e1s de cuatro meses dentro del reality show Exatl\u00f3n, regresar\u00e1 a Ensenada donde se le ha preparado una bienvenida p\u00fablica el lunes 19 de marzo a las 16:00 horas en el gimnasio municipal \u00d3scar \u201cTigre\u201d Garc\u00eda.<\/p>\n<p>El Club de Gimnasia de Ensenada inform\u00f3 el arribo del gimnasta ol\u00edmpico que particip\u00f3 en una de las emisiones de mayor teleauditorio durante los \u00faltimos a\u00f1os en M\u00e9xico.<\/p>\n<p>Desde finales de octubre que ingres\u00f3 al proyecto de TV Azteca, el seleccionado mexicano en Londres 2012 y R\u00edo 2016 destac\u00f3 por su habilidad en los diferentes desaf\u00edos f\u00edsicos impuestos frente a atletas de diferentes disciplinas.<\/p>\n<p>En un principio, el regreso de Daniel Corral estaba previsto a principios de 2018, pero el \u00e9xito del programa exigi\u00f3 su ampliaci\u00f3n hasta finalizar el domingo con altos \u00edndices de audiencia.<\/p>\n","protected":false},"excerpt":{"rendered":"<p>Ensenada, Baja California.- Daniel Corral, tras m\u00e1s de cuatro meses dentro del reality show Exatl\u00f3n,&#8230;<\/p>\n","protected":false},"author":1,"featured_media":2886319,"comment_status":"open","ping_status":"closed","sticky":false,"template":"","format":"video","meta":{"footnotes":""},"categories":[7,46],"tags":[859,878],"class_list":["post-2886318","post","type-post","status-publish","format-video","has-post-thumbnail","hentry","category-deportes","category-gimnasia","tag-portada","tag-tendencias","post_format-post-format-video"],"_links":{"self":[{"href":"https:\/\/agpnoticias.com\/news\/index.php?rest_route=\/wp\/v2\/posts\/2886318","targetHints":{"allow":["GET"]}}],"collection":[{"href":"https:\/\/agpnoticias.com\/news\/index.php?rest_route=\/wp\/v2\/posts"}],"about":[{"href":"https:\/\/agpnoticias.com\/news\/index.php?rest_route=\/wp\/v2\/types\/post"}],"author":[{"embeddable":true,"href":"https:\/\/agpnoticias.com\/news\/index.php?rest_route=\/wp\/v2\/users\/1"}],"replies":[{"embeddable":true,"href":"https:\/\/agpnoticias.com\/news\/index.php?rest_route=%2Fwp%2Fv2%2Fcomments&post=2886318"}],"version-history":[{"count":5,"href":"https:\/\/agpnoticias.com\/news\/index.php?rest_route=\/wp\/v2\/posts\/2886318\/revisions"}],"predecessor-version":[{"id":2886324,"href":"https:\/\/agpnoticias.com\/news\/index.php?rest_route=\/wp\/v2\/posts\/2886318\/revisions\/2886324"}],"wp:featuredmedia":[{"embeddable":true,"href":"https:\/\/agpnoticias.com\/news\/index.php?rest_route=\/wp\/v2\/media\/2886319"}],"wp:attachment":[{"href":"https:\/\/agpnoticias.com\/news\/index.php?rest_route=%2Fwp%2Fv2%2Fmedia&parent=2886318"}],"wp:term":[{"taxonomy":"category","embeddable":true,"href":"https:\/\/agpnoticias.com\/news\/index.php?rest_route=%2Fwp%2Fv2%2Fcategories&post=2886318"},{"taxonomy":"post_tag","embeddable":true,"href":"https:\/\/agpnoticias.com\/news\/index.php?rest_route=%2Fwp%2Fv2%2Ftags&post=2886318"}],"curies":[{"name":"wp","href":"https:\/\/api.w.org\/{rel}","templated":true}]}}