{"id":2886345,"date":"2018-03-13T20:01:40","date_gmt":"2018-03-14T03:01:40","guid":{"rendered":"http:\/\/agpnoticias.com\/news\/?p=2886345"},"modified":"2018-03-14T06:50:23","modified_gmt":"2018-03-14T13:50:23","slug":"4a-carrera-pro-becas-de-unifront-para-sus-atletas-de-alto-rendimiento","status":"publish","type":"post","link":"https:\/\/agpnoticias.com\/news\/?p=2886345","title":{"rendered":"4a Carrera Pro-Becas de Unifront para sus atletas de alto rendimiento"},"content":{"rendered":"<p>Ensenada, Baja California.- El s\u00e1bado 28 de abril a las 8:00 horas iniciar\u00e1 la cuarta edici\u00f3n de la Carrera Atl\u00e9tica Unifront 2018 con salida y meta en sus instalaciones de Calle 18 y Miramar.<\/p>\n<p>Ser\u00e1n cinco kil\u00f3metros que recorrer\u00e1n los 900 corredores esperados, quienes cooperar\u00e1n con una cuota (50 pesos menores de 9 a\u00f1os y 100 pesos 10 a\u00f1os y mayores) que se destinar\u00e1 al programa de becas que beneficia a atletas de alto rendimiento inscritos en secundaria y preparatoria.<\/p>\n<p>Humberto Guti\u00e9rrez Mart\u00ednez inform\u00f3 que se trata de un proyecto que ha crecido de manera acelerada durante los cuatro a\u00f1os recientes, cuando tom\u00f3 la decisi\u00f3n de colaborar en el apoyo a seleccionados estatales y nacionales.<\/p>\n<p>El director general de Colegio Unifront invit\u00f3 a \u201ctoda la comunidad atl\u00e9tica de Ensenada\u201d, cuya respuesta ha sido positiva los a\u00f1os previos.<\/p>\n<p>Por su parte, V\u00edctor Vea, responsable del \u00e1rea deportiva, indic\u00f3 que adem\u00e1s habr\u00e1 circuitos infantiles que partir\u00e1n finalizado el trayecto de cinco kil\u00f3metros.<\/p>\n<p>Las inscripciones est\u00e1n a disposici\u00f3n de los interesados en Colegio Unifront, Nava Sport y Sports Fan, adem\u00e1s del d\u00eda del evento \u201chasta cinco minutos antes de su inicio\u201d.<\/p>\n<p>La premiaci\u00f3n consistir\u00e1 en medallas para los tres primeros lugares de cada categor\u00eda, mientras que los tres l\u00edderes generales se repartir\u00e1n los premios en efectivo de 2 mil, mil 500 y mil pesos.<\/p>\n<p>Y todos los competidores ser\u00e1n parte de la rifa de diferentes art\u00edculos durante la ceremonia de premiaci\u00f3n programada a las 10:00 horas.<\/p>\n<p>Tambi\u00e9n presente, el director de preparatoria y secundaria, Carlos Carrasco, resalt\u00f3 las trayectorias acad\u00e9micas y deportivas de los becados, entre ellos los campeones de Olimpiada Nacional: Isaac N\u00fa\u00f1ez Farf\u00e1n (gimnasia), Adelina Qui\u00f1ones (b\u00e1dminton) y Jessica Cu\u00e9llar (tenis de mesa), entre otros.<\/p>\n<p>Precis\u00f3 que en la pasada Olimpiada Nacional, 16 estudiantes de Unifront aportaron 29 metales para Baja California.<\/p>\n<p>Los ganadores de la carrera en 2017, Gabriel Mart\u00ednez y Cynthia Medina, asistieron a la rueda de prensa y coincidieron en calificar la ruta como exigente y con un buen nivel competitivo, debido a la presencia de corredores del resto del estado.<\/p>\n<p>Adem\u00e1s de los atletas beneficiados con beca estuvieron Yadira Urias, Scarlet Salcedo y Elena Vel\u00e1zquez, respectivos directores de pre-escolar, primaria biling\u00fce y universidad en Colegio Unifront.<\/p>\n<figure id=\"attachment_2886346\" aria-describedby=\"caption-attachment-2886346\" style=\"width: 600px\" class=\"wp-caption aligncenter\"><img fetchpriority=\"high\" decoding=\"async\" class=\"size-full wp-image-2886346\" src=\"http:\/\/agpnoticias.com\/news\/wp-content\/uploads\/2018\/03\/DSC_0062-e1520996455938.jpg\" alt=\"\" width=\"600\" height=\"399\" \/><figcaption id=\"caption-attachment-2886346\" class=\"wp-caption-text\">Humberto Guti\u00e9rrez, director de Unifront (der.), junto a V\u00edctor Vea y los ganadores de la edici\u00f3n 2017, Cynthia Medina y Gabriel Mart\u00ednez<\/figcaption><\/figure>\n<p><strong>Categor\u00edas<\/strong><\/p>\n<p><strong>5K<\/strong><\/p>\n<p>10-12 a\u00f1os<\/p>\n<p>13-15 a\u00f1os<\/p>\n<p>16-18 a\u00f1os<\/p>\n<p>19-20 a\u00f1os<\/p>\n<p>21-29 a\u00f1os<\/p>\n<p>30-39 a\u00f1os<\/p>\n<p>40-49 a\u00f1os<\/p>\n<p>50 a\u00f1os y m\u00e1s<\/p>\n<p>Discapacitados<\/p>\n","protected":false},"excerpt":{"rendered":"<p>Ensenada, Baja California.- El s\u00e1bado 28 de abril a las 8:00 horas iniciar\u00e1 la cuarta&#8230;<\/p>\n","protected":false},"author":1,"featured_media":2886347,"comment_status":"open","ping_status":"closed","sticky":false,"template":"","format":"standard","meta":{"footnotes":""},"categories":[31,7],"tags":[595],"class_list":["post-2886345","post","type-post","status-publish","format-standard","has-post-thumbnail","hentry","category-atletismo","category-deportes","tag-destacado"],"_links":{"self":[{"href":"https:\/\/agpnoticias.com\/news\/index.php?rest_route=\/wp\/v2\/posts\/2886345","targetHints":{"allow":["GET"]}}],"collection":[{"href":"https:\/\/agpnoticias.com\/news\/index.php?rest_route=\/wp\/v2\/posts"}],"about":[{"href":"https:\/\/agpnoticias.com\/news\/index.php?rest_route=\/wp\/v2\/types\/post"}],"author":[{"embeddable":true,"href":"https:\/\/agpnoticias.com\/news\/index.php?rest_route=\/wp\/v2\/users\/1"}],"replies":[{"embeddable":true,"href":"https:\/\/agpnoticias.com\/news\/index.php?rest_route=%2Fwp%2Fv2%2Fcomments&post=2886345"}],"version-history":[{"count":3,"href":"https:\/\/agpnoticias.com\/news\/index.php?rest_route=\/wp\/v2\/posts\/2886345\/revisions"}],"predecessor-version":[{"id":2886358,"href":"https:\/\/agpnoticias.com\/news\/index.php?rest_route=\/wp\/v2\/posts\/2886345\/revisions\/2886358"}],"wp:featuredmedia":[{"embeddable":true,"href":"https:\/\/agpnoticias.com\/news\/index.php?rest_route=\/wp\/v2\/media\/2886347"}],"wp:attachment":[{"href":"https:\/\/agpnoticias.com\/news\/index.php?rest_route=%2Fwp%2Fv2%2Fmedia&parent=2886345"}],"wp:term":[{"taxonomy":"category","embeddable":true,"href":"https:\/\/agpnoticias.com\/news\/index.php?rest_route=%2Fwp%2Fv2%2Fcategories&post=2886345"},{"taxonomy":"post_tag","embeddable":true,"href":"https:\/\/agpnoticias.com\/news\/index.php?rest_route=%2Fwp%2Fv2%2Ftags&post=2886345"}],"curies":[{"name":"wp","href":"https:\/\/api.w.org\/{rel}","templated":true}]}}