{"id":2886758,"date":"2018-03-25T01:07:14","date_gmt":"2018-03-25T08:07:14","guid":{"rendered":"http:\/\/agpnoticias.com\/news\/?p=2886758"},"modified":"2018-03-26T22:01:16","modified_gmt":"2018-03-27T05:01:16","slug":"marchesin-excluido-de-la-convocatoria-argentina-se-concentra-en-america","status":"publish","type":"post","link":"https:\/\/agpnoticias.com\/news\/?p=2886758","title":{"rendered":"Marches\u00edn, excluido de la convocatoria argentina, se concentra en Am\u00e9rica"},"content":{"rendered":"<p>San Diego, California.- Agust\u00edn Marches\u00edn vivi\u00f3 una fecha FIFA distinta a las m\u00e1s recientes. En esta ocasi\u00f3n se qued\u00f3 en M\u00e9xico, con Am\u00e9rica. La convocatoria del seleccionador argentino, Jorge Sampaoli, no lleg\u00f3. Willy Caballero, el arquero de Chelsea, no s\u00f3lo lo reemplazo en el llamado sino que jug\u00f3 y lo hizo de manera solvente durante la victoria de 2-0 sobre Italia.<\/p>\n<p>\u201cNo lo vi el partido\u201d, ataj\u00f3 al ser cuestionado sobre la actuaci\u00f3n de su colega.<\/p>\n<p>Despu\u00e9s del empate a dos de Am\u00e9rica con Xolos en San Diego, el portero de Am\u00e9rica argument\u00f3 que \u201cestaba entrenando\u201d a la hora del primer encuentro de Argentina durante su gira por Europa.<\/p>\n<p>\u201cY nada, yo disfrutando donde me toca estar y espero seguir haciendo las cosas bien para tener oportunidad, y si el t\u00e9cnico no lo ve yo seguir\u00e9 trabajando\u201d, coment\u00f3.<\/p>\n<p>Del amistoso ante Xolos, se\u00f1al\u00f3: \u201cFue un partido de entrenamiento, pero este equipo tiene que ganar todo lo que juega\u201d.<\/p>\n<p>\u201cY sirvi\u00f3 para los chicos de fuerzas b\u00e1sicas que demostraron que est\u00e1n a la altura, haciendo bien las cosas para que el t\u00e9cnico pueda seguir sacando conclusiones. Sali\u00f3 un lindo partido\u201d, estim\u00f3.<\/p>\n<p>En cuanto a la recta final del Clausura mexicano y la semifinal de Concachampions, dijo que \u201cser\u00e1n partidos muy intensos, lindos para jugar contra Cruz Azul y Toronto\u201d.<\/p>\n","protected":false},"excerpt":{"rendered":"<p>San Diego, California.- Agust\u00edn Marches\u00edn vivi\u00f3 una fecha FIFA distinta a las m\u00e1s recientes. En&#8230;<\/p>\n","protected":false},"author":1,"featured_media":2886759,"comment_status":"open","ping_status":"closed","sticky":false,"template":"","format":"video","meta":{"footnotes":""},"categories":[7,32],"tags":[595,878],"class_list":["post-2886758","post","type-post","status-publish","format-video","has-post-thumbnail","hentry","category-deportes","category-soccer","tag-destacado","tag-tendencias","post_format-post-format-video"],"_links":{"self":[{"href":"https:\/\/agpnoticias.com\/news\/index.php?rest_route=\/wp\/v2\/posts\/2886758","targetHints":{"allow":["GET"]}}],"collection":[{"href":"https:\/\/agpnoticias.com\/news\/index.php?rest_route=\/wp\/v2\/posts"}],"about":[{"href":"https:\/\/agpnoticias.com\/news\/index.php?rest_route=\/wp\/v2\/types\/post"}],"author":[{"embeddable":true,"href":"https:\/\/agpnoticias.com\/news\/index.php?rest_route=\/wp\/v2\/users\/1"}],"replies":[{"embeddable":true,"href":"https:\/\/agpnoticias.com\/news\/index.php?rest_route=%2Fwp%2Fv2%2Fcomments&post=2886758"}],"version-history":[{"count":2,"href":"https:\/\/agpnoticias.com\/news\/index.php?rest_route=\/wp\/v2\/posts\/2886758\/revisions"}],"predecessor-version":[{"id":2886761,"href":"https:\/\/agpnoticias.com\/news\/index.php?rest_route=\/wp\/v2\/posts\/2886758\/revisions\/2886761"}],"wp:featuredmedia":[{"embeddable":true,"href":"https:\/\/agpnoticias.com\/news\/index.php?rest_route=\/wp\/v2\/media\/2886759"}],"wp:attachment":[{"href":"https:\/\/agpnoticias.com\/news\/index.php?rest_route=%2Fwp%2Fv2%2Fmedia&parent=2886758"}],"wp:term":[{"taxonomy":"category","embeddable":true,"href":"https:\/\/agpnoticias.com\/news\/index.php?rest_route=%2Fwp%2Fv2%2Fcategories&post=2886758"},{"taxonomy":"post_tag","embeddable":true,"href":"https:\/\/agpnoticias.com\/news\/index.php?rest_route=%2Fwp%2Fv2%2Ftags&post=2886758"}],"curies":[{"name":"wp","href":"https:\/\/api.w.org\/{rel}","templated":true}]}}