{"id":2886773,"date":"2018-03-25T17:27:11","date_gmt":"2018-03-26T00:27:11","guid":{"rendered":"http:\/\/agpnoticias.com\/news\/?p=2886773"},"modified":"2018-03-26T21:52:58","modified_gmt":"2018-03-27T04:52:58","slug":"mil-500-registrados-en-la-primera-corre-por-salud","status":"publish","type":"post","link":"https:\/\/agpnoticias.com\/news\/?p=2886773","title":{"rendered":"Mil 500 registrados en la primera Corre por Salud"},"content":{"rendered":"<p>Ensenada, Baja California.- Una cifra aproximada a los mil 500 participantes se registr\u00f3 durante la primera carrera atl\u00e9tica de cinco kil\u00f3metros \u201cCorre por Salud\u201d organizada por Michelle Moreno.<\/p>\n<p><iframe style=\"border: none; overflow: hidden;\" src=\"https:\/\/www.facebook.com\/plugins\/video.php?href=https%3A%2F%2Fwww.facebook.com%2FOfficialAGPDeportes%2Fvideos%2F1104090966411921%2F&amp;show_text=0&amp;width=560\" width=\"760\" height=\"415\" frameborder=\"0\" scrolling=\"no\" allowfullscreen=\"allowfullscreen\"><span data-mce-type=\"bookmark\" style=\"display: inline-block; width: 0px; overflow: hidden; line-height: 0;\" class=\"mce_SELRES_start\">?<\/span><\/iframe><\/p>\n<p>\u201cEsperamos que sea la primera de muchas ediciones. Vinieron mil 500 personas y lo recaudado fue a beneficio de mujeres de escasos recursos, estudios de papanicolau y mamograf\u00edas, adem\u00e1s de paquetes completos de salud que se entregaron a todos los participantes\u201d, indic\u00f3 la promotora.<\/p>\n<p>Aun cuando hubo mayor\u00eda de ensenadense, tambi\u00e9n llegaron a la Plaza C\u00edvica del bulevar costero, sede de la salida y meta, corredores de Tijuana y Mexicali.<\/p>\n<p><a href=\"http:\/\/agpnoticias.com\/news\/mil-500-registrados-en-la-primera-corre-por-salud\/corre-por-salud\/\" rel=\"attachment wp-att-2886777\"><img fetchpriority=\"high\" decoding=\"async\" class=\"aligncenter size-full wp-image-2886777\" src=\"http:\/\/agpnoticias.com\/news\/wp-content\/uploads\/2018\/03\/Corre-por-Salud-e1522023945100.jpg\" alt=\"\" width=\"357\" height=\"448\" \/><\/a><\/p>\n<p>\u201cEs importante que hubo gente nueva que lleg\u00f3 sin haber participado nunca en carreras atl\u00e9ticas\u201d, destac\u00f3.<\/p>\n<p>En total se entregaron premios por un valor de 28 mil pesos, repartidos entre las tres categor\u00edas establecidas, as\u00ed como medallas a los tres l\u00edderes de cada una.<\/p>\n<p>Asimismo hubo una caminata de dos kil\u00f3metros, cuyos participantes fueron incluidos en la rifa de camisetas.<\/p>\n<p>En especial, Michelle Moreno subray\u00f3 los estudios patrocinados por una empresa local, consulta nutricional y \u201celectros\u201d.<\/p>\n<p><a href=\"http:\/\/agpnoticias.com\/news\/mil-500-registrados-en-la-primera-corre-por-salud\/img_3065\/\" rel=\"attachment wp-att-2886776\"><img decoding=\"async\" class=\"aligncenter size-full wp-image-2886776\" src=\"http:\/\/agpnoticias.com\/news\/wp-content\/uploads\/2018\/03\/IMG_3065-e1522023829320.jpg\" alt=\"\" width=\"600\" height=\"435\" \/><\/a><\/p>\n<p><strong>Resultados<\/strong><\/p>\n<p><strong>Categor\u00eda 10-15 a\u00f1os<\/strong><\/p>\n<p><strong>Varonil<\/strong><\/p>\n<p>David S\u00e1nchez<\/p>\n<p>Cristian Aguiar<\/p>\n<p>Jos\u00e9 Antonio L\u00f3pez<\/p>\n<p><strong>Femenil<\/strong><\/p>\n<p>Sof\u00eda Lira<\/p>\n<p>Ariana \u00c1vila<\/p>\n<p>Alejandra \u00c1vila<\/p>\n<p><strong>Categor\u00eda 16 a\u00f1os y m\u00e1s<\/strong><\/p>\n<p><strong>Varonil<\/strong><\/p>\n<p>Daniel Valdez<\/p>\n<p>Alexis Verdugo<\/p>\n<p>Sergio Candelario<\/p>\n<p><strong>Femenil<\/strong><\/p>\n<p>Fernando Medina<\/p>\n<p>Lupita Cruz<\/p>\n<p>Selene Elenes<\/p>\n<p><strong>Discapacidad<\/strong><\/p>\n<p><strong>Varonil<\/strong><\/p>\n<p>Jesse Salgado<\/p>\n<p>\u00c1lvaro G\u00f3mez<\/p>\n<p>Francisco Arias<\/p>\n<p><strong>Femenil<\/strong><\/p>\n<p>Leonor Acevedo<\/p>\n<p>Laura Garc\u00eda<\/p>\n<p><a href=\"http:\/\/agpnoticias.com\/news\/mil-500-registrados-en-la-primera-corre-por-salud\/img_3019-2\/\" rel=\"attachment wp-att-2886775\"><img decoding=\"async\" class=\"aligncenter size-full wp-image-2886775\" src=\"http:\/\/agpnoticias.com\/news\/wp-content\/uploads\/2018\/03\/IMG_3019-e1522023853602.jpg\" alt=\"\" width=\"364\" height=\"506\" \/><\/a><\/p>\n","protected":false},"excerpt":{"rendered":"<p>Ensenada, Baja California.- Una cifra aproximada a los mil 500 participantes se registr\u00f3 durante la&#8230;<\/p>\n","protected":false},"author":1,"featured_media":2886774,"comment_status":"open","ping_status":"closed","sticky":false,"template":"","format":"video","meta":{"footnotes":""},"categories":[31,7],"tags":[595],"class_list":["post-2886773","post","type-post","status-publish","format-video","has-post-thumbnail","hentry","category-atletismo","category-deportes","tag-destacado","post_format-post-format-video"],"_links":{"self":[{"href":"https:\/\/agpnoticias.com\/news\/index.php?rest_route=\/wp\/v2\/posts\/2886773","targetHints":{"allow":["GET"]}}],"collection":[{"href":"https:\/\/agpnoticias.com\/news\/index.php?rest_route=\/wp\/v2\/posts"}],"about":[{"href":"https:\/\/agpnoticias.com\/news\/index.php?rest_route=\/wp\/v2\/types\/post"}],"author":[{"embeddable":true,"href":"https:\/\/agpnoticias.com\/news\/index.php?rest_route=\/wp\/v2\/users\/1"}],"replies":[{"embeddable":true,"href":"https:\/\/agpnoticias.com\/news\/index.php?rest_route=%2Fwp%2Fv2%2Fcomments&post=2886773"}],"version-history":[{"count":4,"href":"https:\/\/agpnoticias.com\/news\/index.php?rest_route=\/wp\/v2\/posts\/2886773\/revisions"}],"predecessor-version":[{"id":2886820,"href":"https:\/\/agpnoticias.com\/news\/index.php?rest_route=\/wp\/v2\/posts\/2886773\/revisions\/2886820"}],"wp:featuredmedia":[{"embeddable":true,"href":"https:\/\/agpnoticias.com\/news\/index.php?rest_route=\/wp\/v2\/media\/2886774"}],"wp:attachment":[{"href":"https:\/\/agpnoticias.com\/news\/index.php?rest_route=%2Fwp%2Fv2%2Fmedia&parent=2886773"}],"wp:term":[{"taxonomy":"category","embeddable":true,"href":"https:\/\/agpnoticias.com\/news\/index.php?rest_route=%2Fwp%2Fv2%2Fcategories&post=2886773"},{"taxonomy":"post_tag","embeddable":true,"href":"https:\/\/agpnoticias.com\/news\/index.php?rest_route=%2Fwp%2Fv2%2Ftags&post=2886773"}],"curies":[{"name":"wp","href":"https:\/\/api.w.org\/{rel}","templated":true}]}}