{"id":2886781,"date":"2018-03-25T18:10:18","date_gmt":"2018-03-26T01:10:18","guid":{"rendered":"http:\/\/agpnoticias.com\/news\/?p=2886781"},"modified":"2018-03-26T22:16:51","modified_gmt":"2018-03-27T05:16:51","slug":"corral-en-el-coral-convive-con-ninos-de-ensenada","status":"publish","type":"post","link":"https:\/\/agpnoticias.com\/news\/?p=2886781","title":{"rendered":"Corral en el Coral; convive con ni\u00f1os de Ensenada"},"content":{"rendered":"<p>Ensenada, Baja California.- El gimnasta ol\u00edmpico Daniel Corral convivi\u00f3 con las familias de los empleados del Hotel Coral y Marina de Ensenada.<\/p>\n<p>El \u00e1rea de recursos humanos contact\u00f3 al deportista ensenadense, cuya fama experiment\u00f3 un crecimiento notable por su participaci\u00f3n en el programa de televisi\u00f3n Exatl\u00f3n.<\/p>\n<p><iframe style=\"border: none; overflow: hidden;\" src=\"https:\/\/www.facebook.com\/plugins\/video.php?href=https%3A%2F%2Fwww.facebook.com%2FHotelCoralMarina%2Fvideos%2F10155124105921809%2F&amp;show_text=0&amp;width=560\" width=\"760\" height=\"415\" frameborder=\"0\" scrolling=\"no\" allowfullscreen=\"allowfullscreen\"><span data-mce-type=\"bookmark\" style=\"display: inline-block; width: 0px; overflow: hidden; line-height: 0;\" class=\"mce_SELRES_start\">?<\/span><\/iframe><\/p>\n<p>En su momento, dicha empresa patrocin\u00f3 a Daniel Corral, sobre todo antes de su participaci\u00f3n en los Juegos Ol\u00edmpicos de Londres.<\/p>\n<p>Durante su participaci\u00f3n, el gimnasta de 28 de a\u00f1os de edad comparti\u00f3 experiencias con los asistentes e inst\u00f3 a los ni\u00f1os a estudiar y practicar alguna disciplina deportiva.<\/p>\n<p><img fetchpriority=\"high\" decoding=\"async\" class=\"aligncenter size-full wp-image-2886782\" src=\"http:\/\/agpnoticias.com\/news\/wp-content\/uploads\/2018\/03\/28947576_2000719289956940_7214628731991233209_o-e1522026518688.jpg\" alt=\"\" width=\"600\" height=\"338\" \/><\/p>\n","protected":false},"excerpt":{"rendered":"<p>Ensenada, Baja California.- El gimnasta ol\u00edmpico Daniel Corral convivi\u00f3 con las familias de los empleados&#8230;<\/p>\n","protected":false},"author":1,"featured_media":2886783,"comment_status":"open","ping_status":"closed","sticky":false,"template":"","format":"video","meta":{"footnotes":""},"categories":[7,46],"tags":[595],"class_list":["post-2886781","post","type-post","status-publish","format-video","has-post-thumbnail","hentry","category-deportes","category-gimnasia","tag-destacado","post_format-post-format-video"],"_links":{"self":[{"href":"https:\/\/agpnoticias.com\/news\/index.php?rest_route=\/wp\/v2\/posts\/2886781","targetHints":{"allow":["GET"]}}],"collection":[{"href":"https:\/\/agpnoticias.com\/news\/index.php?rest_route=\/wp\/v2\/posts"}],"about":[{"href":"https:\/\/agpnoticias.com\/news\/index.php?rest_route=\/wp\/v2\/types\/post"}],"author":[{"embeddable":true,"href":"https:\/\/agpnoticias.com\/news\/index.php?rest_route=\/wp\/v2\/users\/1"}],"replies":[{"embeddable":true,"href":"https:\/\/agpnoticias.com\/news\/index.php?rest_route=%2Fwp%2Fv2%2Fcomments&post=2886781"}],"version-history":[{"count":2,"href":"https:\/\/agpnoticias.com\/news\/index.php?rest_route=\/wp\/v2\/posts\/2886781\/revisions"}],"predecessor-version":[{"id":2886827,"href":"https:\/\/agpnoticias.com\/news\/index.php?rest_route=\/wp\/v2\/posts\/2886781\/revisions\/2886827"}],"wp:featuredmedia":[{"embeddable":true,"href":"https:\/\/agpnoticias.com\/news\/index.php?rest_route=\/wp\/v2\/media\/2886783"}],"wp:attachment":[{"href":"https:\/\/agpnoticias.com\/news\/index.php?rest_route=%2Fwp%2Fv2%2Fmedia&parent=2886781"}],"wp:term":[{"taxonomy":"category","embeddable":true,"href":"https:\/\/agpnoticias.com\/news\/index.php?rest_route=%2Fwp%2Fv2%2Fcategories&post=2886781"},{"taxonomy":"post_tag","embeddable":true,"href":"https:\/\/agpnoticias.com\/news\/index.php?rest_route=%2Fwp%2Fv2%2Ftags&post=2886781"}],"curies":[{"name":"wp","href":"https:\/\/api.w.org\/{rel}","templated":true}]}}