{"id":2886925,"date":"2018-03-30T16:46:09","date_gmt":"2018-03-30T23:46:09","guid":{"rendered":"http:\/\/agpnoticias.com\/news\/?p=2886925"},"modified":"2018-03-30T22:03:02","modified_gmt":"2018-03-31T05:03:02","slug":"natalia-escalera-reserva-en-la-seleccion-mexicana-mayor","status":"publish","type":"post","link":"https:\/\/agpnoticias.com\/news\/?p=2886925","title":{"rendered":"Natalia Escalera, reserva en la selecci\u00f3n mexicana mayor"},"content":{"rendered":"<p>Ensenada, Baja California.- Natalia Escalera se coloc\u00f3 como reserva de la selecci\u00f3n mexicana de gimnasia que competir\u00e1 en los Juegos Centroamericanos y del Caribe de Barranquilla, Colombia.<\/p>\n<p>La gimnasta ensenadense qued\u00f3 ubicada en el sexto lugar del tercer y \u00faltimo selectivo celebrado este d\u00eda en San Luis Potos\u00ed, luego de ser novena en el primero y octava en el segundo.<\/p>\n<p>En el acumulado, la representante del gimnasio Baja Dynamo de Ensenada logr\u00f3 el sexto puesto detr\u00e1s de las cinco titulares: Nicole Castro (Baja California), Ahtziri Sandoval (Jalisco), Victoria Mata (Nuevo Le\u00f3n), Paulina Campos (San Luis Potos\u00ed) y Jimena Moreno (Baja California).<\/p>\n<p>Junto a Natalia Escalera, como reserva, se encuentra en la lista Casandra Loustalot, tambi\u00e9n de Baja California.<\/p>\n<figure id=\"attachment_2886927\" aria-describedby=\"caption-attachment-2886927\" style=\"width: 600px\" class=\"wp-caption aligncenter\"><img fetchpriority=\"high\" decoding=\"async\" class=\"size-full wp-image-2886927\" src=\"http:\/\/agpnoticias.com\/news\/wp-content\/uploads\/2018\/03\/WhatsApp-Image-2018-03-30-at-4.17.35-PM-e1522453302172.jpeg\" alt=\"\" width=\"600\" height=\"632\" \/><figcaption id=\"caption-attachment-2886927\" class=\"wp-caption-text\">Pavel Oceguera, entrenador de Natalia Escalera<\/figcaption><\/figure>\n<p>\u201cLo m\u00e1s meritorio del lugar que consigui\u00f3 Natalia es que apenas tiene 15 a\u00f1os, pero puede ser parte del selectivo mayor porque para cuando se disputen los Juegos Centroamericanos ya tendr\u00e1 16\u201d, indic\u00f3 Pavel Oceguera Ornelas.<\/p>\n<p>El entrenador reconoci\u00f3 la evoluci\u00f3n de su dirigida durante los selectivos, hasta ubicarse en el sexto lugar.<\/p>\n<p>\u201cA pesar de ser su primer proceso selectivo mayor pudo entrar en la lista con un desempe\u00f1o excelente y con puntuaciones muy cerradas\u201d, afirm\u00f3.<\/p>\n<p>Finalizados los selectivos, Natalia Escalera y Pavel Oceguera regresar\u00e1n a Ensenada para preparar las convocatorias posteriores.<\/p>\n<p>\u201cEs obvio que no deseamos que ninguna de sus compa\u00f1eras sufra alg\u00fan contratiempo. Lo importante es que Natalia ya est\u00e1 ah\u00ed, en posici\u00f3n de integrar la selecci\u00f3n mexicana mayor de gimnasia\u201d, concluy\u00f3 el t\u00e9cnico.<\/p>\n<p><img decoding=\"async\" class=\"aligncenter size-full wp-image-2886926\" src=\"http:\/\/agpnoticias.com\/news\/wp-content\/uploads\/2018\/03\/WhatsApp-Image-2018-03-30-at-4.17.35-PM-1-e1522453631320.jpeg\" alt=\"\" width=\"700\" height=\"483\" \/><\/p>\n","protected":false},"excerpt":{"rendered":"<p>Ensenada, Baja California.- Natalia Escalera se coloc\u00f3 como reserva de la selecci\u00f3n mexicana de gimnasia&#8230;<\/p>\n","protected":false},"author":1,"featured_media":2886929,"comment_status":"open","ping_status":"closed","sticky":false,"template":"","format":"standard","meta":{"footnotes":""},"categories":[73,7,46],"tags":[859],"class_list":["post-2886925","post","type-post","status-publish","format-standard","has-post-thumbnail","hentry","category-deportebajacalifornia","category-deportes","category-gimnasia","tag-portada"],"_links":{"self":[{"href":"https:\/\/agpnoticias.com\/news\/index.php?rest_route=\/wp\/v2\/posts\/2886925","targetHints":{"allow":["GET"]}}],"collection":[{"href":"https:\/\/agpnoticias.com\/news\/index.php?rest_route=\/wp\/v2\/posts"}],"about":[{"href":"https:\/\/agpnoticias.com\/news\/index.php?rest_route=\/wp\/v2\/types\/post"}],"author":[{"embeddable":true,"href":"https:\/\/agpnoticias.com\/news\/index.php?rest_route=\/wp\/v2\/users\/1"}],"replies":[{"embeddable":true,"href":"https:\/\/agpnoticias.com\/news\/index.php?rest_route=%2Fwp%2Fv2%2Fcomments&post=2886925"}],"version-history":[{"count":4,"href":"https:\/\/agpnoticias.com\/news\/index.php?rest_route=\/wp\/v2\/posts\/2886925\/revisions"}],"predecessor-version":[{"id":2886941,"href":"https:\/\/agpnoticias.com\/news\/index.php?rest_route=\/wp\/v2\/posts\/2886925\/revisions\/2886941"}],"wp:featuredmedia":[{"embeddable":true,"href":"https:\/\/agpnoticias.com\/news\/index.php?rest_route=\/wp\/v2\/media\/2886929"}],"wp:attachment":[{"href":"https:\/\/agpnoticias.com\/news\/index.php?rest_route=%2Fwp%2Fv2%2Fmedia&parent=2886925"}],"wp:term":[{"taxonomy":"category","embeddable":true,"href":"https:\/\/agpnoticias.com\/news\/index.php?rest_route=%2Fwp%2Fv2%2Fcategories&post=2886925"},{"taxonomy":"post_tag","embeddable":true,"href":"https:\/\/agpnoticias.com\/news\/index.php?rest_route=%2Fwp%2Fv2%2Ftags&post=2886925"}],"curies":[{"name":"wp","href":"https:\/\/api.w.org\/{rel}","templated":true}]}}