{"id":2886938,"date":"2018-03-30T18:04:10","date_gmt":"2018-03-31T01:04:10","guid":{"rendered":"http:\/\/agpnoticias.com\/news\/?p=2886938"},"modified":"2018-03-30T18:04:10","modified_gmt":"2018-03-31T01:04:10","slug":"marla-arreola-la-libero-de-baja-california-concentrada-rumbo-a-jcc","status":"publish","type":"post","link":"https:\/\/agpnoticias.com\/news\/?p=2886938","title":{"rendered":"Marla Arreola, la l\u00edbero de Baja California, concentrada rumbo a JCC"},"content":{"rendered":"<p>Ensenada, Baja California &#8211; La l\u00edbero bajacaliforniana Marla Arreola se encuentra concentrada con la selecci\u00f3n mayor femenil de voleibol mexicana, como parte de la preparaci\u00f3n que el seis patrio realiza de cara a los Juegos Centroamericanos y del Caribe de Barranquilla 2018.<\/p>\n<p>La jugadora originaria de Ensenada, ya ha trabajado anteriormente como parte de los equipos nacionales en categor\u00edas juveniles o menores, al grado de haber mostrado su calidad al ganar en 2015 la distinci\u00f3n como la mejor en su posici\u00f3n durante la Copa Panamericana Sub 18 en La Habana, Cuba, donde tambi\u00e9n destacaron otras jugadoras de pa\u00edses como Per\u00fa, Rep\u00fablica Dominicana, Argentina y la entonces naci\u00f3n anfitriona.<\/p>\n<p>Esta concentraci\u00f3n tambi\u00e9n forma parte del proceso mundialista de la FIVB, el cual culminar\u00e1 con el campeonato que se desarrollar\u00e1 en Jap\u00f3n.<\/p>\n<div class=\"yj6qo\"><em>Informaci\u00f3n: Instituto del Deporte de Baja California (INDE).<\/em><\/div>\n","protected":false},"excerpt":{"rendered":"<p>Ensenada, Baja California &#8211; La l\u00edbero bajacaliforniana Marla Arreola se encuentra concentrada con la selecci\u00f3n&#8230;<\/p>\n","protected":false},"author":1,"featured_media":2886939,"comment_status":"open","ping_status":"closed","sticky":false,"template":"","format":"standard","meta":{"footnotes":""},"categories":[73,7,485],"tags":[595],"class_list":["post-2886938","post","type-post","status-publish","format-standard","has-post-thumbnail","hentry","category-deportebajacalifornia","category-deportes","category-voleibol","tag-destacado"],"_links":{"self":[{"href":"https:\/\/agpnoticias.com\/news\/index.php?rest_route=\/wp\/v2\/posts\/2886938","targetHints":{"allow":["GET"]}}],"collection":[{"href":"https:\/\/agpnoticias.com\/news\/index.php?rest_route=\/wp\/v2\/posts"}],"about":[{"href":"https:\/\/agpnoticias.com\/news\/index.php?rest_route=\/wp\/v2\/types\/post"}],"author":[{"embeddable":true,"href":"https:\/\/agpnoticias.com\/news\/index.php?rest_route=\/wp\/v2\/users\/1"}],"replies":[{"embeddable":true,"href":"https:\/\/agpnoticias.com\/news\/index.php?rest_route=%2Fwp%2Fv2%2Fcomments&post=2886938"}],"version-history":[{"count":1,"href":"https:\/\/agpnoticias.com\/news\/index.php?rest_route=\/wp\/v2\/posts\/2886938\/revisions"}],"predecessor-version":[{"id":2886940,"href":"https:\/\/agpnoticias.com\/news\/index.php?rest_route=\/wp\/v2\/posts\/2886938\/revisions\/2886940"}],"wp:featuredmedia":[{"embeddable":true,"href":"https:\/\/agpnoticias.com\/news\/index.php?rest_route=\/wp\/v2\/media\/2886939"}],"wp:attachment":[{"href":"https:\/\/agpnoticias.com\/news\/index.php?rest_route=%2Fwp%2Fv2%2Fmedia&parent=2886938"}],"wp:term":[{"taxonomy":"category","embeddable":true,"href":"https:\/\/agpnoticias.com\/news\/index.php?rest_route=%2Fwp%2Fv2%2Fcategories&post=2886938"},{"taxonomy":"post_tag","embeddable":true,"href":"https:\/\/agpnoticias.com\/news\/index.php?rest_route=%2Fwp%2Fv2%2Ftags&post=2886938"}],"curies":[{"name":"wp","href":"https:\/\/api.w.org\/{rel}","templated":true}]}}