{"id":2887475,"date":"2018-04-13T23:01:00","date_gmt":"2018-04-14T06:01:00","guid":{"rendered":"http:\/\/agpnoticias.com\/news\/?p=2887475"},"modified":"2018-04-14T02:41:06","modified_gmt":"2018-04-14T09:41:06","slug":"hubiera-sido-irresponsable-alinear-a-los-titulares-antes-de-la-final-de-concacaf-almeyda","status":"publish","type":"post","link":"https:\/\/agpnoticias.com\/news\/?p=2887475","title":{"rendered":"Hubiera sido irresponsable alinear a los titulares antes de la final de Concacaf: Almeyda"},"content":{"rendered":"<p>Tijuana, Baja California.- Mat\u00edas Almeyda reconoci\u00f3 el esfuerzo de los j\u00f3venes utilizados durante los tres juegos m\u00e1s recientes del torneo Clausura 2018 como relevo de los elementos titulares que a partir de este martes jugar\u00e1n la final de la Liga de Campeones de Concacaf.<\/p>\n<p>Lo anterior, luego de la derrota de 3-0 en Tijuana ante los locales Xolos para ver reducidas al m\u00ednimo sus posibilidades de liguilla al quedar con 15 puntos en la misma cantidad de jornada del torneo Clausura 2018.<\/p>\n<p>\u201cSer\u00eda un irresponsable si pongo a los jugadores que tengo contemplados para la final y correr riesgo de que alguno se me lastime, de hecho si se lastima alguno tendr\u00eda que jugar (la final) con los j\u00f3venes y a los j\u00f3venes hay que llevarlos de a poco como los estamos llevando en el torneo\u201d, se\u00f1al\u00f3 el \u201cPelado\u201d.<\/p>\n<p>El t\u00e9cnico argentino subray\u00f3 la importancia de jugar la final de Concacaf contra Toronto y sugiri\u00f3 no minimizar el logro y \u201cdarle el valor que tiene\u201d.<\/p>\n<p>Adem\u00e1s apunt\u00f3 que las posibilidades de calificaci\u00f3n antes de su visita a Tijuana ya eran remotas.<\/p>\n<p>\u201cLas liguillas se consiguen en los primeros partidos y el arranque nuestro no fue el mejor\u201d, afirm\u00f3.<\/p>\n<p>Y reconoci\u00f3 que, con un 70 por ciento de jugadores juveniles, contaba con\u00a0\u201cplantel corto\u201d, por lo que hubo de priorizar la competencia internacional.<\/p>\n","protected":false},"excerpt":{"rendered":"<p>Tijuana, Baja California.- Mat\u00edas Almeyda reconoci\u00f3 el esfuerzo de los j\u00f3venes utilizados durante los tres&#8230;<\/p>\n","protected":false},"author":1,"featured_media":2887476,"comment_status":"open","ping_status":"closed","sticky":false,"template":"","format":"standard","meta":{"footnotes":""},"categories":[7,32,17],"tags":[859,878],"class_list":["post-2887475","post","type-post","status-publish","format-standard","has-post-thumbnail","hentry","category-deportes","category-soccer","category-xolos-de-tijuana","tag-portada","tag-tendencias"],"_links":{"self":[{"href":"https:\/\/agpnoticias.com\/news\/index.php?rest_route=\/wp\/v2\/posts\/2887475","targetHints":{"allow":["GET"]}}],"collection":[{"href":"https:\/\/agpnoticias.com\/news\/index.php?rest_route=\/wp\/v2\/posts"}],"about":[{"href":"https:\/\/agpnoticias.com\/news\/index.php?rest_route=\/wp\/v2\/types\/post"}],"author":[{"embeddable":true,"href":"https:\/\/agpnoticias.com\/news\/index.php?rest_route=\/wp\/v2\/users\/1"}],"replies":[{"embeddable":true,"href":"https:\/\/agpnoticias.com\/news\/index.php?rest_route=%2Fwp%2Fv2%2Fcomments&post=2887475"}],"version-history":[{"count":1,"href":"https:\/\/agpnoticias.com\/news\/index.php?rest_route=\/wp\/v2\/posts\/2887475\/revisions"}],"predecessor-version":[{"id":2887477,"href":"https:\/\/agpnoticias.com\/news\/index.php?rest_route=\/wp\/v2\/posts\/2887475\/revisions\/2887477"}],"wp:featuredmedia":[{"embeddable":true,"href":"https:\/\/agpnoticias.com\/news\/index.php?rest_route=\/wp\/v2\/media\/2887476"}],"wp:attachment":[{"href":"https:\/\/agpnoticias.com\/news\/index.php?rest_route=%2Fwp%2Fv2%2Fmedia&parent=2887475"}],"wp:term":[{"taxonomy":"category","embeddable":true,"href":"https:\/\/agpnoticias.com\/news\/index.php?rest_route=%2Fwp%2Fv2%2Fcategories&post=2887475"},{"taxonomy":"post_tag","embeddable":true,"href":"https:\/\/agpnoticias.com\/news\/index.php?rest_route=%2Fwp%2Fv2%2Ftags&post=2887475"}],"curies":[{"name":"wp","href":"https:\/\/api.w.org\/{rel}","templated":true}]}}