{"id":2887575,"date":"2018-04-17T16:00:20","date_gmt":"2018-04-17T23:00:20","guid":{"rendered":"http:\/\/agpnoticias.com\/news\/?p=2887575"},"modified":"2018-04-17T16:48:02","modified_gmt":"2018-04-17T23:48:02","slug":"apuntes-perdidos-156","status":"publish","type":"post","link":"https:\/\/agpnoticias.com\/news\/?p=2887575","title":{"rendered":"APUNTES PERDIDOS"},"content":{"rendered":"<p><strong>Por Marco Antonio Dom\u00ednguez Niebla<\/strong><\/p>\n<p><b>Finales ajenas<\/b><\/p>\n<p>Hasta cuando sonr\u00ede parece triste: una mueca fugaz que desaparece para retomar al instante el rictus de angustia, de preocupaci\u00f3n, las ojeras acentuadas. A diferencia de Diego, su contempor\u00e1neo y rival inmediato sobre la cancha sint\u00e9tica del Caliente, el traje lo lleva como a fuerza, como si le estorbara. La corbata mal anudada lo evidencia. La descripci\u00f3n contrasta con lo c\u00f3modo que se le ve\u00eda vestido de futbolista, o como se le ve entre semana girando instrucciones en el campo de entrenamiento, de shorts y camiseta. As\u00ed, con el gesto que lo identifica, acentuado por la goleada sufrida en Tijuana, el Pelado Almeyda responde cada pregunta de los reporteros sin elevar el tono de voz aun cuando denote cierto hartazgo frente a la reincidencia en los temas cuestionados: que si cu\u00e1ndo te vas, que si por qu\u00e9 tirar la liga jugando con juveniles, que si a un equipo grande le basta la final de Concachampions, que si esto, que si lo otro&#8230;<\/p>\n<p><img fetchpriority=\"high\" decoding=\"async\" class=\"alignright size-full wp-image-2887578\" src=\"http:\/\/agpnoticias.com\/news\/wp-content\/uploads\/2018\/04\/IMG_6131-e1524005765956.jpg\" alt=\"\" width=\"385\" height=\"257\" \/>Mientras responde, el jefe de prensa ubicado junto a \u00e9l mira alrededor y despu\u00e9s de cinco minutos de explicaciones decido levantar la mano para formular mi pregunta. Luego lo pienso y declino. Siento que una pregunta llevar\u00eda a la otra y el resultado ser\u00eda insatisfactorio desde la sentencia de ese hombre que se encuentra de pie al costado del asiento de comparecencias dentro de la sala de prensa del estadio Caliente: \u201cuna pregunta por medio, por favor\u201d. Proceso normal durante esos intercambios de preguntas por respuestas antes o despu\u00e9s de los partidos para tratar los temas del momento, intrascendentes en la mayor\u00eda de los casos, y dictados en agenda desde los programas de chismes \u201cespecializados en futbol\u201d que pasan por televisi\u00f3n. Insuficiente, sin embargo, al menos para m\u00ed que lo vi ganar la Libertadores del 96 con un gol suyo, como integrante de una de las generaciones m\u00e1s f\u00e9rtiles de River Plate, el equipo con el que vivi\u00f3 la gloria de los t\u00edtulos y el infierno del descenso, uniformado \u00e9picamente con esa franja de fuego atravesando su pecho, tan seductora para tantos desde el primer encuentro, en coincidencia con lo dicho en alg\u00fan momento por el eterno custodio del arco italiano, Buffon: \u201cMe encanta esa camiseta con la banda roja, una de las m\u00e1s lindas del mundo\u201d. No me extiendo m\u00e1s. S\u00f3lo rescato una m\u00e1s de las frases que el tambi\u00e9n ex jugador campe\u00f3n con Lazio en Italia y dos veces mundialista por Argentina reparti\u00f3 esa noche de resignaci\u00f3n a la liga local en el Caliente de Tijuana como argumento m\u00e1s que contundente frente a sus prioridades desde que lleg\u00f3 a M\u00e9xico, en camino a robustecer todav\u00eda m\u00e1s su trayecto como entrenador de futbol: \u201cNo hay nada m\u00e1s lindo que preparar una final\u201d. Termino el texto. Faltan minutos para que inicie la serie que entregar\u00e1 al representante de la regi\u00f3n hacia el Mundial de Clubes. L\u00e1stima. Por hoy, Mat\u00edas se encuentra en la otra vereda, la m\u00e1s lejana a mis convicciones, a mi afici\u00f3n. Qu\u00e9 envidia.<\/p>\n","protected":false},"excerpt":{"rendered":"<p>Por Marco Antonio Dom\u00ednguez Niebla Finales ajenas Hasta cuando sonr\u00ede parece triste: una mueca fugaz&#8230;<\/p>\n","protected":false},"author":1,"featured_media":2887577,"comment_status":"open","ping_status":"closed","sticky":false,"template":"","format":"standard","meta":{"footnotes":""},"categories":[24,141,7],"tags":[877,859],"class_list":["post-2887575","post","type-post","status-publish","format-standard","has-post-thumbnail","hentry","category-la-columna","category-columnas","category-deportes","tag-marco","tag-portada"],"_links":{"self":[{"href":"https:\/\/agpnoticias.com\/news\/index.php?rest_route=\/wp\/v2\/posts\/2887575","targetHints":{"allow":["GET"]}}],"collection":[{"href":"https:\/\/agpnoticias.com\/news\/index.php?rest_route=\/wp\/v2\/posts"}],"about":[{"href":"https:\/\/agpnoticias.com\/news\/index.php?rest_route=\/wp\/v2\/types\/post"}],"author":[{"embeddable":true,"href":"https:\/\/agpnoticias.com\/news\/index.php?rest_route=\/wp\/v2\/users\/1"}],"replies":[{"embeddable":true,"href":"https:\/\/agpnoticias.com\/news\/index.php?rest_route=%2Fwp%2Fv2%2Fcomments&post=2887575"}],"version-history":[{"count":4,"href":"https:\/\/agpnoticias.com\/news\/index.php?rest_route=\/wp\/v2\/posts\/2887575\/revisions"}],"predecessor-version":[{"id":2887582,"href":"https:\/\/agpnoticias.com\/news\/index.php?rest_route=\/wp\/v2\/posts\/2887575\/revisions\/2887582"}],"wp:featuredmedia":[{"embeddable":true,"href":"https:\/\/agpnoticias.com\/news\/index.php?rest_route=\/wp\/v2\/media\/2887577"}],"wp:attachment":[{"href":"https:\/\/agpnoticias.com\/news\/index.php?rest_route=%2Fwp%2Fv2%2Fmedia&parent=2887575"}],"wp:term":[{"taxonomy":"category","embeddable":true,"href":"https:\/\/agpnoticias.com\/news\/index.php?rest_route=%2Fwp%2Fv2%2Fcategories&post=2887575"},{"taxonomy":"post_tag","embeddable":true,"href":"https:\/\/agpnoticias.com\/news\/index.php?rest_route=%2Fwp%2Fv2%2Ftags&post=2887575"}],"curies":[{"name":"wp","href":"https:\/\/api.w.org\/{rel}","templated":true}]}}