{"id":2887614,"date":"2018-04-18T18:45:50","date_gmt":"2018-04-19T01:45:50","guid":{"rendered":"http:\/\/agpnoticias.com\/news\/?p=2887614"},"modified":"2018-04-19T08:45:49","modified_gmt":"2018-04-19T15:45:49","slug":"unifront-prepara-su-cuarta-carrera-atletica-en-ensenada-el-sabado-28-de-abril","status":"publish","type":"post","link":"https:\/\/agpnoticias.com\/news\/?p=2887614","title":{"rendered":"Unifront prepara su cuarta carrera atl\u00e9tica en Ensenada, el s\u00e1bado 28 de abril"},"content":{"rendered":"<p>Ensenada, Baja California.- Colegio Unifront cumplir\u00e1 con la cuarta edici\u00f3n de su carrera atl\u00e9tica de cinco kil\u00f3metros el s\u00e1bado 28 de abril a las 8:00 horas con salida y meta en sus instalaciones de Avenida Miramar y Calle 18.<\/p>\n<p>El objetivo de la fecha atl\u00e9tica es reunir recursos que permitan continuar el proyecto de becas a atletas de alto rendimiento emprendido por la instituci\u00f3n que dirige Humberto Guti\u00e9rrez Mart\u00ednez.<\/p>\n<p><iframe style=\"border: none; overflow: hidden;\" src=\"https:\/\/www.facebook.com\/plugins\/video.php?href=https%3A%2F%2Fwww.facebook.com%2FOfficialAGPDeportes%2Fvideos%2F1117624551725229%2F&amp;show_text=0&amp;width=560\" width=\"860\" height=\"515\" frameborder=\"0\" scrolling=\"no\" allowfullscreen=\"allowfullscreen\"><span data-mce-type=\"bookmark\" style=\"display: inline-block; width: 0px; overflow: hidden; line-height: 0;\" class=\"mce_SELRES_start\">?<\/span><span data-mce-type=\"bookmark\" style=\"display: inline-block; width: 0px; overflow: hidden; line-height: 0;\" class=\"mce_SELRES_start\">?<\/span><span data-mce-type=\"bookmark\" style=\"display: inline-block; width: 0px; overflow: hidden; line-height: 0;\" class=\"mce_SELRES_start\">?<\/span><\/iframe><\/p>\n<p>\u201cHemos tenido una muy buena respuesta por parte de corredores de Ensenada y tambi\u00e9n de Tecate y Rosarito\u201d, dijo V\u00edctor Vea, \u201cpor la calidad que Unifront ha ofrecido en sus eventos deportivos, as\u00ed como por la bolsa de premios en efectivo\u201d.<\/p>\n<p>En ese sentido, el coordinador deportivo precis\u00f3 que se entregar\u00e1n dos mil pesos a los l\u00edderes de ambas ramas, as\u00ed como mil 500 a los segundos lugares y mil para los terceros, adem\u00e1s de medallas a los tres primeros de cada categor\u00eda y camisetas a los 200 que se anticipen en el cruce de la meta.<\/p>\n<p>Sobre el objetivo primordial de la carrera cuyo costo de inscripci\u00f3n es de 50 pesos para ni\u00f1os de nueve a\u00f1os y menores y de 100 para los que superen ese l\u00edmite de edad, apunt\u00f3 la prioridad de fortalecer el proyecto \u201cpro-becas\u201d.<\/p>\n<p>En el mismo son beneficiados decenas de seleccionados estatales de diferentes disciplinas con un programa especial desarrollado para facilitarles su salida a competencias sin que esto interfiera en sus estudios.<\/p>\n<p>Tambi\u00e9n participar\u00e1n en la carrera los ni\u00f1os de pre-escolar y primaria para quienes se realizar\u00e1n circuitos alrededor de la escuela con margen entre los tres y los nueve a\u00f1os para involucrar a \u201ctoda la comunidad Unifront\u201d.<\/p>\n<p>Por segundo a\u00f1o consecutivo la salida y la meta estar\u00e1n en Unifront, a diferencia de las dos primeras ediciones cuando el punto de partida se ubic\u00f3 sobre la calle Primera y Ruiz.<\/p>\n<p>\u201cNotamos que muchos participantes sent\u00edan presi\u00f3n de dejar sus autos tan retirado, a pesar de que nosotros en nuestra log\u00edstica los traslad\u00e1bamos, pero no hay nada como tener la salida y meta en el mismo lugar\u201d, afirm\u00f3.<\/p>\n<p>Para los interesados, V\u00edctor Vea inform\u00f3 que las inscripciones est\u00e1n disponibles en la tienda Nava Sport de la Espinoza y Cuarta, as\u00ed como en las diferentes ubicaciones de Sports Fan y en el mismo Colegio Unifront.<\/p>\n","protected":false},"excerpt":{"rendered":"<p>Ensenada, Baja California.- Colegio Unifront cumplir\u00e1 con la cuarta edici\u00f3n de su carrera atl\u00e9tica de&#8230;<\/p>\n","protected":false},"author":1,"featured_media":2887615,"comment_status":"open","ping_status":"closed","sticky":false,"template":"","format":"video","meta":{"footnotes":""},"categories":[31,704,7],"tags":[595],"class_list":["post-2887614","post","type-post","status-publish","format-video","has-post-thumbnail","hentry","category-atletismo","category-deporte-estudiantil","category-deportes","tag-destacado","post_format-post-format-video"],"_links":{"self":[{"href":"https:\/\/agpnoticias.com\/news\/index.php?rest_route=\/wp\/v2\/posts\/2887614","targetHints":{"allow":["GET"]}}],"collection":[{"href":"https:\/\/agpnoticias.com\/news\/index.php?rest_route=\/wp\/v2\/posts"}],"about":[{"href":"https:\/\/agpnoticias.com\/news\/index.php?rest_route=\/wp\/v2\/types\/post"}],"author":[{"embeddable":true,"href":"https:\/\/agpnoticias.com\/news\/index.php?rest_route=\/wp\/v2\/users\/1"}],"replies":[{"embeddable":true,"href":"https:\/\/agpnoticias.com\/news\/index.php?rest_route=%2Fwp%2Fv2%2Fcomments&post=2887614"}],"version-history":[{"count":4,"href":"https:\/\/agpnoticias.com\/news\/index.php?rest_route=\/wp\/v2\/posts\/2887614\/revisions"}],"predecessor-version":[{"id":2887629,"href":"https:\/\/agpnoticias.com\/news\/index.php?rest_route=\/wp\/v2\/posts\/2887614\/revisions\/2887629"}],"wp:featuredmedia":[{"embeddable":true,"href":"https:\/\/agpnoticias.com\/news\/index.php?rest_route=\/wp\/v2\/media\/2887615"}],"wp:attachment":[{"href":"https:\/\/agpnoticias.com\/news\/index.php?rest_route=%2Fwp%2Fv2%2Fmedia&parent=2887614"}],"wp:term":[{"taxonomy":"category","embeddable":true,"href":"https:\/\/agpnoticias.com\/news\/index.php?rest_route=%2Fwp%2Fv2%2Fcategories&post=2887614"},{"taxonomy":"post_tag","embeddable":true,"href":"https:\/\/agpnoticias.com\/news\/index.php?rest_route=%2Fwp%2Fv2%2Ftags&post=2887614"}],"curies":[{"name":"wp","href":"https:\/\/api.w.org\/{rel}","templated":true}]}}