{"id":2888534,"date":"2018-05-16T18:21:32","date_gmt":"2018-05-17T01:21:32","guid":{"rendered":"http:\/\/agpnoticias.com\/news\/?p=2888534"},"modified":"2018-05-16T18:21:32","modified_gmt":"2018-05-17T01:21:32","slug":"el-domingo-3-de-junio-la-carrera-anual-del-pan","status":"publish","type":"post","link":"https:\/\/agpnoticias.com\/news\/?p=2888534","title":{"rendered":"El domingo 3 de junio la carrera anual del PAN"},"content":{"rendered":"<p>Ensenada, Baja California.- El domingo 3 de junio a las 8:00 horas se llevar\u00e1 a cabo la tradicional carrera atl\u00e9tica del Partido Acci\u00f3n Nacional \u201cEnsenada Al Frente\u201d, cuyo trayecto ser\u00e1 de cinco kil\u00f3metros, con salida y meta en el Edipan ubicado sobre la calle Tercera y Espinoza.<\/p>\n<p>V\u00edctor Octavio Gonz\u00e1lez, promotor del evento, indic\u00f3 que son esperados atletas locales y del resto de los municipios de Baja California.<\/p>\n<p>Precis\u00f3 que se entregar\u00e1n 600 camisetas a los primeros corredores en cruzar la meta, adem\u00e1s de que habr\u00e1 una bolsa de 45 mil pesos a repartir entre los l\u00edderes de cada categor\u00eda con mil 500 pesos, mil y 500, m\u00e1s un trofeo.<\/p>\n<p>Las categor\u00edas son: 17-19, 20-29, 30-39, 40-49, 50-59 y 60 a\u00f1os y m\u00e1s, en ambas ramas.<\/p>\n<p>Para los ni\u00f1os la premiaci\u00f3n del circuito que se realizar\u00e1 al t\u00e9rmino del recorrido de cinco kil\u00f3metros consistir\u00e1 en medallas a los tres l\u00edderes por categor\u00eda de los tres a los 14 a\u00f1os.<\/p>\n<p>Junto a V\u00edctor Gonz\u00e1lez estuvieron Martha Vera, Secretaria General del PAN en Ensenada, y Miguel \u00c1ngel Barretos, coordinador operativo, as\u00ed como el promotor de actividades atl\u00e9ticas, Jes\u00fas \u00abMuschacho\u00bb Peralta.<\/p>\n<p>Las inscripciones est\u00e1n a disposici\u00f3n en el Edipan.<img fetchpriority=\"high\" decoding=\"async\" class=\"aligncenter size-full wp-image-2888535\" src=\"http:\/\/agpnoticias.com\/news\/wp-content\/uploads\/2018\/05\/WhatsApp-Image-2018-05-15-at-2.44.59-PM-e1526517390815.jpeg\" alt=\"\" width=\"600\" height=\"913\" \/><\/p>\n","protected":false},"excerpt":{"rendered":"<p>Ensenada, Baja California.- El domingo 3 de junio a las 8:00 horas se llevar\u00e1 a&#8230;<\/p>\n","protected":false},"author":1,"featured_media":2888542,"comment_status":"open","ping_status":"closed","sticky":false,"template":"","format":"standard","meta":{"footnotes":""},"categories":[31,7,405],"tags":[595],"class_list":["post-2888534","post","type-post","status-publish","format-standard","has-post-thumbnail","hentry","category-atletismo","category-deportes","category-sin-categoria-es","tag-destacado"],"_links":{"self":[{"href":"https:\/\/agpnoticias.com\/news\/index.php?rest_route=\/wp\/v2\/posts\/2888534","targetHints":{"allow":["GET"]}}],"collection":[{"href":"https:\/\/agpnoticias.com\/news\/index.php?rest_route=\/wp\/v2\/posts"}],"about":[{"href":"https:\/\/agpnoticias.com\/news\/index.php?rest_route=\/wp\/v2\/types\/post"}],"author":[{"embeddable":true,"href":"https:\/\/agpnoticias.com\/news\/index.php?rest_route=\/wp\/v2\/users\/1"}],"replies":[{"embeddable":true,"href":"https:\/\/agpnoticias.com\/news\/index.php?rest_route=%2Fwp%2Fv2%2Fcomments&post=2888534"}],"version-history":[{"count":3,"href":"https:\/\/agpnoticias.com\/news\/index.php?rest_route=\/wp\/v2\/posts\/2888534\/revisions"}],"predecessor-version":[{"id":2888544,"href":"https:\/\/agpnoticias.com\/news\/index.php?rest_route=\/wp\/v2\/posts\/2888534\/revisions\/2888544"}],"wp:featuredmedia":[{"embeddable":true,"href":"https:\/\/agpnoticias.com\/news\/index.php?rest_route=\/wp\/v2\/media\/2888542"}],"wp:attachment":[{"href":"https:\/\/agpnoticias.com\/news\/index.php?rest_route=%2Fwp%2Fv2%2Fmedia&parent=2888534"}],"wp:term":[{"taxonomy":"category","embeddable":true,"href":"https:\/\/agpnoticias.com\/news\/index.php?rest_route=%2Fwp%2Fv2%2Fcategories&post=2888534"},{"taxonomy":"post_tag","embeddable":true,"href":"https:\/\/agpnoticias.com\/news\/index.php?rest_route=%2Fwp%2Fv2%2Ftags&post=2888534"}],"curies":[{"name":"wp","href":"https:\/\/api.w.org\/{rel}","templated":true}]}}