{"id":2888577,"date":"2018-05-21T14:10:52","date_gmt":"2018-05-21T21:10:52","guid":{"rendered":"http:\/\/agpnoticias.com\/news\/?p=2888577"},"modified":"2018-05-22T13:32:36","modified_gmt":"2018-05-22T20:32:36","slug":"apuntes-perdidos-160","status":"publish","type":"post","link":"https:\/\/agpnoticias.com\/news\/?p=2888577","title":{"rendered":"APUNTES PERDIDOS"},"content":{"rendered":"<p><strong>Por Marco Antonio Dom\u00ednguez Niebla<\/strong><\/p>\n<p><strong>Pasajeros\u00a0<\/strong><\/p>\n<p>No suelo subirme a los micros con la frecuencia de antes. He aprendido, a fuerza de experiencias \u2013amargas, por supuesto-, el riesgo que conlleva dicha audacia. La mayor\u00eda de las veces prefiero caminar, en una ciudad todav\u00eda caminable. Pero ese d\u00eda de entre semana ya eran casi las doce, hora del timbrazo en la vieja escuela primaria clavada en el centro de la ciudad, donde estudia el m\u00e1s peque\u00f1o de los chiquillos del sexto grado, quien me espera a diario. Entonces corro rumbo a la parada alzando la mano, el conductor se orilla sobre el McDonalds de la Reforma, y subo presuroso, a los tumbos, mientras \u00e9l acelera. Tomo asiento como puedo y donde puedo. Aterrizo en el \u00fanico lugar disponible, con una nalga en el voladero, sentado junto a un vecino que abre las piernas para abarcar el mayor espacio posible mientras balbucea algo, molesto, como si se sintiera invadido. Pero no me importa, me he salvado de ir de pie, a expensas de los acelerones y frenazos del energ\u00fameno al volante que ignora el \u201cbuenos d\u00edas\u201d de ingreso y el \u201cgracias\u201d de despedida de quienes a\u00fan conservan la sana costumbre de saludar y despedirse educadamente. Ya bien agarrado, la vieja unidad, de asientos rayoneados e inestables, se enfila de la Reforma hacia la Ju\u00e1rez, y entonces lo escucho. M\u00e1s bien se asemeja a un mon\u00f3logo con breves intervenciones de un par de chicas como oyentes. La voz viene de la parte trasera. Parece un hombre mayor. Es atento y gentil, tanto que ellas atienden sin reparo las preguntas formuladas. \u00bfEn qu\u00e9 trabajan sus pap\u00e1s?, \u00bfles va bien?, \u00bfpiensan estudiar en universidad p\u00fablica o privada?, \u00bfya eligieron carrera? A todo recibe respuestas breves pero inmediatas de las chicas que para entonces ya han revelado ser preparatorianas. Trato de identificar el tono de voz, que me parece conocido. Sin embargo, siento que voltear hacia la escena incomodar\u00eda a las bachilleres interesadas en la charla, as\u00ed que lo evito. \u201cYo soy maestro, ya jubilado desde hace tiempo\u201d, les cuenta.<\/p>\n<p><img fetchpriority=\"high\" decoding=\"async\" class=\"alignright size-full wp-image-2888598\" src=\"http:\/\/agpnoticias.com\/news\/wp-content\/uploads\/2018\/05\/El-director-del-INDE-fue-felicitado-por-su-padre-e1526772538117.jpg\" alt=\"\" width=\"325\" height=\"250\" \/>Y contin\u00faa: \u201cMiren, ni\u00f1as, estudien lo que les guste, algo en lo que sientan que pueden ser buenas.\u00a0Mis hijos son profesionistas, a todos les ha ido bien, algunos son maestros como yo, hay un ingeniero, y hay otro que estudi\u00f3 en Monterrey y le gust\u00f3 tanto su carrera que se fue a Alemania a hacer una maestr\u00eda\u201d. Es en ese punto cuando detecto hacia d\u00f3nde va la charla, ya identificado ese tono de voz pausado, descriptivo y seguramente heredado: \u201cHoy mi hijo, que se llama como yo, es el director de deportes de Baja California. Ya tiene casi 20 a\u00f1os ah\u00ed y no se ha ido a dirigir el deporte mexicano nada m\u00e1s por cosas de la pol\u00edtica, porque los del gobierno federal y el estatal son de otro partido\u201d. El viaje est\u00e1 por terminar. \u201c\u00a1En la esquina!\u201d, grita, y se despide. \u201cAdi\u00f3s, ni\u00f1as, y suerte en su elecci\u00f3n, me bajo ah\u00ed en el Saldos y Gangas\u201d. Con paso seguro, antes de que acelere el fren\u00e9tico conductor, desciende don Sa\u00fal, justo en la Floresta, calle que da al gimnasio municipal. Yo sigo de largo, mi destino est\u00e1 en la Ruiz y Sexta.<\/p>\n","protected":false},"excerpt":{"rendered":"<p>Por Marco Antonio Dom\u00ednguez Niebla Pasajeros\u00a0 No suelo subirme a los micros con la frecuencia&#8230;<\/p>\n","protected":false},"author":1,"featured_media":2888597,"comment_status":"open","ping_status":"closed","sticky":false,"template":"","format":"standard","meta":{"footnotes":""},"categories":[24,141,7],"tags":[595,877],"class_list":["post-2888577","post","type-post","status-publish","format-standard","has-post-thumbnail","hentry","category-la-columna","category-columnas","category-deportes","tag-destacado","tag-marco"],"_links":{"self":[{"href":"https:\/\/agpnoticias.com\/news\/index.php?rest_route=\/wp\/v2\/posts\/2888577","targetHints":{"allow":["GET"]}}],"collection":[{"href":"https:\/\/agpnoticias.com\/news\/index.php?rest_route=\/wp\/v2\/posts"}],"about":[{"href":"https:\/\/agpnoticias.com\/news\/index.php?rest_route=\/wp\/v2\/types\/post"}],"author":[{"embeddable":true,"href":"https:\/\/agpnoticias.com\/news\/index.php?rest_route=\/wp\/v2\/users\/1"}],"replies":[{"embeddable":true,"href":"https:\/\/agpnoticias.com\/news\/index.php?rest_route=%2Fwp%2Fv2%2Fcomments&post=2888577"}],"version-history":[{"count":4,"href":"https:\/\/agpnoticias.com\/news\/index.php?rest_route=\/wp\/v2\/posts\/2888577\/revisions"}],"predecessor-version":[{"id":2888660,"href":"https:\/\/agpnoticias.com\/news\/index.php?rest_route=\/wp\/v2\/posts\/2888577\/revisions\/2888660"}],"wp:featuredmedia":[{"embeddable":true,"href":"https:\/\/agpnoticias.com\/news\/index.php?rest_route=\/wp\/v2\/media\/2888597"}],"wp:attachment":[{"href":"https:\/\/agpnoticias.com\/news\/index.php?rest_route=%2Fwp%2Fv2%2Fmedia&parent=2888577"}],"wp:term":[{"taxonomy":"category","embeddable":true,"href":"https:\/\/agpnoticias.com\/news\/index.php?rest_route=%2Fwp%2Fv2%2Fcategories&post=2888577"},{"taxonomy":"post_tag","embeddable":true,"href":"https:\/\/agpnoticias.com\/news\/index.php?rest_route=%2Fwp%2Fv2%2Ftags&post=2888577"}],"curies":[{"name":"wp","href":"https:\/\/api.w.org\/{rel}","templated":true}]}}