{"id":2889092,"date":"2018-06-06T16:22:32","date_gmt":"2018-06-06T23:22:32","guid":{"rendered":"http:\/\/agpnoticias.com\/news\/?p=2889092"},"modified":"2018-06-06T22:35:36","modified_gmt":"2018-06-07T05:35:36","slug":"knowens-suma-experiencia-rumbo-a-su-segundo-campeonato-en-npl","status":"publish","type":"post","link":"https:\/\/agpnoticias.com\/news\/?p=2889092","title":{"rendered":"KnowEns suma experiencia rumbo a su segundo campeonato en NPL"},"content":{"rendered":"<p>Ensenada, Baja California.- Knowens, con dos incorporaciones de experiencia, tendr\u00e1 que esperar hasta el 16 de junio para iniciar su participaci\u00f3n en la Conferencia Oeste de la National of Professional Futsal League (NPL).<\/p>\n<p>Pospuesto el arranque original, entre el 19 y 20 de mayo por ajuste en las fechas, sus primeros choques ser\u00e1n el 16 de junio contra dos nuevos rivales: Bay Area y Legends, a cambio de Fresno 99 y Di Bufala, contemplados en un inicio.<\/p>\n<figure id=\"attachment_2889093\" aria-describedby=\"caption-attachment-2889093\" style=\"width: 552px\" class=\"wp-caption aligncenter\"><img fetchpriority=\"high\" decoding=\"async\" class=\"size-full wp-image-2889093\" src=\"http:\/\/agpnoticias.com\/news\/wp-content\/uploads\/2018\/06\/PortadaCalero.jpg\" alt=\"\" width=\"552\" height=\"384\" \/><figcaption id=\"caption-attachment-2889093\" class=\"wp-caption-text\">Christian Saray<\/figcaption><\/figure>\n<p>Lo anterior fue informado por Marco Antonio Fregoso, t\u00e9cnico del \u00fanico conjunto mexicano incorporado a la justa de caracter\u00edsticas nacionales en los Estados Unidos, quien destac\u00f3 las llegadas de Mario Jim\u00e9nez y Christian Saray.<\/p>\n<p>Ambos iniciaron como jugadores de futsal a su lado, as\u00ed que \u201cregresan a casa\u201d, dijo el entrenador en referencia a dos de los elementos ensenadenses con mayor recorrido a nivel nacional e internacional, incluso con convocatorias a selecci\u00f3n mexicana.<\/p>\n<p>KnowEns gan\u00f3 la Conferencia Oeste de la misma competencia durante 2017.<\/p>\n<p><img decoding=\"async\" class=\"aligncenter size-full wp-image-2889095\" src=\"http:\/\/agpnoticias.com\/news\/wp-content\/uploads\/2018\/06\/KnowEns.jpg\" alt=\"\" width=\"800\" height=\"533\" \/><\/p>\n","protected":false},"excerpt":{"rendered":"<p>Ensenada, Baja California.- Knowens, con dos incorporaciones de experiencia, tendr\u00e1 que esperar hasta el 16&#8230;<\/p>\n","protected":false},"author":1,"featured_media":2889094,"comment_status":"open","ping_status":"closed","sticky":false,"template":"","format":"standard","meta":{"footnotes":""},"categories":[7,706],"tags":[595],"class_list":["post-2889092","post","type-post","status-publish","format-standard","has-post-thumbnail","hentry","category-deportes","category-futsal","tag-destacado"],"_links":{"self":[{"href":"https:\/\/agpnoticias.com\/news\/index.php?rest_route=\/wp\/v2\/posts\/2889092","targetHints":{"allow":["GET"]}}],"collection":[{"href":"https:\/\/agpnoticias.com\/news\/index.php?rest_route=\/wp\/v2\/posts"}],"about":[{"href":"https:\/\/agpnoticias.com\/news\/index.php?rest_route=\/wp\/v2\/types\/post"}],"author":[{"embeddable":true,"href":"https:\/\/agpnoticias.com\/news\/index.php?rest_route=\/wp\/v2\/users\/1"}],"replies":[{"embeddable":true,"href":"https:\/\/agpnoticias.com\/news\/index.php?rest_route=%2Fwp%2Fv2%2Fcomments&post=2889092"}],"version-history":[{"count":1,"href":"https:\/\/agpnoticias.com\/news\/index.php?rest_route=\/wp\/v2\/posts\/2889092\/revisions"}],"predecessor-version":[{"id":2889096,"href":"https:\/\/agpnoticias.com\/news\/index.php?rest_route=\/wp\/v2\/posts\/2889092\/revisions\/2889096"}],"wp:featuredmedia":[{"embeddable":true,"href":"https:\/\/agpnoticias.com\/news\/index.php?rest_route=\/wp\/v2\/media\/2889094"}],"wp:attachment":[{"href":"https:\/\/agpnoticias.com\/news\/index.php?rest_route=%2Fwp%2Fv2%2Fmedia&parent=2889092"}],"wp:term":[{"taxonomy":"category","embeddable":true,"href":"https:\/\/agpnoticias.com\/news\/index.php?rest_route=%2Fwp%2Fv2%2Fcategories&post=2889092"},{"taxonomy":"post_tag","embeddable":true,"href":"https:\/\/agpnoticias.com\/news\/index.php?rest_route=%2Fwp%2Fv2%2Ftags&post=2889092"}],"curies":[{"name":"wp","href":"https:\/\/api.w.org\/{rel}","templated":true}]}}