{"id":2891615,"date":"2018-07-13T15:06:01","date_gmt":"2018-07-13T22:06:01","guid":{"rendered":"http:\/\/agpnoticias.com\/news\/?p=2891615"},"modified":"2018-07-13T15:06:01","modified_gmt":"2018-07-13T22:06:01","slug":"seis-deportistas-de-cetys-van-por-mexico-a-los-jcc-de-barranquilla","status":"publish","type":"post","link":"https:\/\/agpnoticias.com\/news\/?p=2891615","title":{"rendered":"Seis deportistas de CETYS van por M\u00e9xico a los JCC de Barranquilla"},"content":{"rendered":"<p align=\"justify\">Tijuana, Baja California.-\u00a0Seis deportistas provenientes de CETYS Universidad representar\u00e1n a M\u00e9xico en los pr\u00f3ximos XXIII Juegos Centroamericanos y del Caribe \u201cBarranquilla 2018\u201d, programados del 19 de julio al 3 de agosto; son parte de una delegaci\u00f3n con m\u00e1s de 660, registrados por la CONADE (Comisi\u00f3n Nacional de Cultura F\u00edsica y Deporte) y el COM (Comit\u00e9 Ol\u00edmpico Mexicano).<\/p>\n<p align=\"justify\"><img fetchpriority=\"high\" decoding=\"async\" class=\"aligncenter size-full wp-image-2891619\" src=\"http:\/\/agpnoticias.com\/news\/wp-content\/uploads\/2018\/07\/Luis-Alvarez.jpg\" alt=\"\" width=\"800\" height=\"497\" \/><\/p>\n<p align=\"justify\">Fue en el II Control Interno con Recurvo y Compuesto, efectuado en el Vel\u00f3dromo del Centro Deportivo Ol\u00edmpico Mexicano, donde el arquero Luis \u00c1lvarez (estudiante de Ingenier\u00eda Mec\u00e1nica) consigui\u00f3 su pase a tierras sudamericanas. El \u201cAbuelo\u201d qued\u00f3 entre los cuatro mejores flechadores con 152 puntos, suficientes para mantenerse en la lista final.<\/p>\n<p align=\"justify\"><img decoding=\"async\" class=\"aligncenter size-full wp-image-2891620\" src=\"http:\/\/agpnoticias.com\/news\/wp-content\/uploads\/2018\/07\/Martha-Sandoval.jpg\" alt=\"\" width=\"800\" height=\"532\" \/><\/p>\n<p align=\"justify\">\n<p align=\"justify\">Los nadadores Arturo P\u00e9rez-Vertti (5to. Semestre en Administraci\u00f3n de Empresas) y Martha Sandoval participar\u00e1n en modalidad de aguas abiertas, gracias al pasado Clasificatorio Nacional realizado en Puerto Vallarta, Jalisco. P\u00e9rez-Vertti registr\u00f3 tiempo de 1:53.15, mientras que Sandoval (4to. Semestre de Ingenier\u00eda Industrial) hizo 1:59.23.<\/p>\n<p align=\"justify\">Por cierto que P\u00e9rez-Vertti (al igual que \u00c1lvarez) ya tiene experiencia ol\u00edmpica desde \u201cLondres 2012\u201d.<\/p>\n<p align=\"justify\"><img decoding=\"async\" class=\"aligncenter size-full wp-image-2891617\" src=\"http:\/\/agpnoticias.com\/news\/wp-content\/uploads\/2018\/07\/36278640_270738107002760_3609154756490035200_n.jpg\" alt=\"\" width=\"800\" height=\"533\" \/><\/p>\n<p align=\"justify\">El pelotero Ismael Pe\u00f1a consigui\u00f3 nuevamente un espacio en la Selecci\u00f3n Mexicana de Softbol, equipo que clasific\u00f3 a Barranquilla hace 10 meses durante el X Campeonato Panamericano de Santo Domingo, Rep. Dominicana. En ese evento el reci\u00e9n graduado como Lic. en Administraci\u00f3n de Empresas hizo 10 imparables (tres cuadrangulares), 9 carreras impulsadas y 8 anotadas en ese evento.<\/p>\n<p align=\"justify\"><img loading=\"lazy\" decoding=\"async\" class=\"aligncenter size-full wp-image-2891618\" src=\"http:\/\/agpnoticias.com\/news\/wp-content\/uploads\/2018\/07\/IMG-20180424-WA0014.jpg\" alt=\"\" width=\"800\" height=\"533\" \/><\/p>\n<p align=\"justify\">Apenas tiene 19 a\u00f1os de edad y ya se encuentra en la \u00e9lite del atletismo mexicano. Alma Pollorena (3ro. de Ingenier\u00eda Industrial) rompi\u00f3 el r\u00e9cord nacional al lanzar su disco a una distancia de 54.26 metros en el Triton Invitational de La Jolla, California. Adem\u00e1s, obtuvo oro (52.98) en el Campeonato Nacional Abierto de Monterrey, Nuevo Le\u00f3n, para amarrar sitio en Colombia.<\/p>\n<p align=\"justify\"><img loading=\"lazy\" decoding=\"async\" class=\"aligncenter size-full wp-image-2891616\" src=\"http:\/\/agpnoticias.com\/news\/wp-content\/uploads\/2018\/07\/13002552_1251805594848409_6452699469748771243_o.jpg\" alt=\"\" width=\"800\" height=\"418\" \/><\/p>\n<p align=\"justify\">Finalmente, el jabalinero David Carre\u00f3n (graduado como Ingeniero Mecatr\u00f3nico) gan\u00f3 la categor\u00eda Senior en el evento Pomona Pitzer Collegiate hace unas semanas. Con un env\u00edo de 78.41 metros, dio la marca m\u00ednima para asegurar un lugar.<\/p>\n<p align=\"justify\">Los Juegos Centroamericanos y del Caribe son un evento regional multideportivo, desarrollado cada 4 a\u00f1os desde 1926, considerado el m\u00e1s antiguo del mundo en el presente. Es la cuarta vez que Colombia lo recibe (antes fue en 1946, 1978, 2006) y la segunda en la historia para los barranquilleros.<\/p>\n","protected":false},"excerpt":{"rendered":"<p>Tijuana, Baja California.-\u00a0Seis deportistas provenientes de CETYS Universidad representar\u00e1n a M\u00e9xico en los pr\u00f3ximos XXIII&#8230;<\/p>\n","protected":false},"author":1,"featured_media":2891621,"comment_status":"open","ping_status":"closed","sticky":false,"template":"","format":"standard","meta":{"footnotes":""},"categories":[879,704,7],"tags":[595],"class_list":["post-2891615","post","type-post","status-publish","format-standard","has-post-thumbnail","hentry","category-cetys-universidad","category-deporte-estudiantil","category-deportes","tag-destacado"],"_links":{"self":[{"href":"https:\/\/agpnoticias.com\/news\/index.php?rest_route=\/wp\/v2\/posts\/2891615","targetHints":{"allow":["GET"]}}],"collection":[{"href":"https:\/\/agpnoticias.com\/news\/index.php?rest_route=\/wp\/v2\/posts"}],"about":[{"href":"https:\/\/agpnoticias.com\/news\/index.php?rest_route=\/wp\/v2\/types\/post"}],"author":[{"embeddable":true,"href":"https:\/\/agpnoticias.com\/news\/index.php?rest_route=\/wp\/v2\/users\/1"}],"replies":[{"embeddable":true,"href":"https:\/\/agpnoticias.com\/news\/index.php?rest_route=%2Fwp%2Fv2%2Fcomments&post=2891615"}],"version-history":[{"count":1,"href":"https:\/\/agpnoticias.com\/news\/index.php?rest_route=\/wp\/v2\/posts\/2891615\/revisions"}],"predecessor-version":[{"id":2891622,"href":"https:\/\/agpnoticias.com\/news\/index.php?rest_route=\/wp\/v2\/posts\/2891615\/revisions\/2891622"}],"wp:featuredmedia":[{"embeddable":true,"href":"https:\/\/agpnoticias.com\/news\/index.php?rest_route=\/wp\/v2\/media\/2891621"}],"wp:attachment":[{"href":"https:\/\/agpnoticias.com\/news\/index.php?rest_route=%2Fwp%2Fv2%2Fmedia&parent=2891615"}],"wp:term":[{"taxonomy":"category","embeddable":true,"href":"https:\/\/agpnoticias.com\/news\/index.php?rest_route=%2Fwp%2Fv2%2Fcategories&post=2891615"},{"taxonomy":"post_tag","embeddable":true,"href":"https:\/\/agpnoticias.com\/news\/index.php?rest_route=%2Fwp%2Fv2%2Ftags&post=2891615"}],"curies":[{"name":"wp","href":"https:\/\/api.w.org\/{rel}","templated":true}]}}