{"id":2892019,"date":"2018-07-20T15:15:18","date_gmt":"2018-07-20T22:15:18","guid":{"rendered":"http:\/\/agpnoticias.com\/news\/?p=2892019"},"modified":"2018-07-20T15:21:30","modified_gmt":"2018-07-20T22:21:30","slug":"andres-perez-de-ensenada-convocado-por-puente-hoy-contra-atlas","status":"publish","type":"post","link":"https:\/\/agpnoticias.com\/news\/?p=2892019","title":{"rendered":"Andr\u00e9s P\u00e9rez, de Ensenada, convocado por Puente hoy contra Atlas"},"content":{"rendered":"<p>Ensenada, Baja California.- El ensenadense Andr\u00e9s P\u00e9rez estar\u00e1 a disposici\u00f3n del t\u00e9cnico Rafael Puente del R\u00edo entre los suplentes de Quer\u00e9taro durante la visita a Atlas por la fecha uno del torneo Apertura 2018.<\/p>\n<p>El jugador ensenadense fue titular en los dos \u00faltimos partidos de pretemporada, el empate contra Santos de Brasil (0-0) y la victoria sobre Herediano de Costa Rica (2-0), alineando 60 y 75 minutos, respectivamente.<\/p>\n<p>\u201cYa estoy concentrado con el primer equipo; saldr\u00e9 a la banca\u201d, coment\u00f3 desde Guadalajara.<\/p>\n<p>Frente a la posibilidad de debutar en el m\u00e1ximo circuito, record\u00f3 que la temporada previa sali\u00f3 al banquillo dos veces en Copa MX, sin poder debutar.<\/p>\n<p>\u201cEspero que el debut pueda darse en alg\u00fan partido de liga, lo veo m\u00e1s cerca y estoy contento y motivado\u201d, indic\u00f3.<\/p>\n<p>El mediocampista de vocaci\u00f3n ofensiva, mundialista Sub17 con M\u00e9xico el a\u00f1o pasado, confi\u00f3 en responder a la confianza de Rafael Puente, en caso de que solicite su ingreso en alg\u00fan momento.<\/p>\n<p>El juego est\u00e1 programado a las 19:00 horas del Pac\u00edfico y ser\u00e1 transmitido por TV Azteca.<\/p>\n","protected":false},"excerpt":{"rendered":"<p>Ensenada, Baja California.- El ensenadense Andr\u00e9s P\u00e9rez estar\u00e1 a disposici\u00f3n del t\u00e9cnico Rafael Puente del&#8230;<\/p>\n","protected":false},"author":1,"featured_media":2892020,"comment_status":"open","ping_status":"closed","sticky":false,"template":"","format":"standard","meta":{"footnotes":""},"categories":[7,32],"tags":[595],"class_list":["post-2892019","post","type-post","status-publish","format-standard","has-post-thumbnail","hentry","category-deportes","category-soccer","tag-destacado"],"_links":{"self":[{"href":"https:\/\/agpnoticias.com\/news\/index.php?rest_route=\/wp\/v2\/posts\/2892019","targetHints":{"allow":["GET"]}}],"collection":[{"href":"https:\/\/agpnoticias.com\/news\/index.php?rest_route=\/wp\/v2\/posts"}],"about":[{"href":"https:\/\/agpnoticias.com\/news\/index.php?rest_route=\/wp\/v2\/types\/post"}],"author":[{"embeddable":true,"href":"https:\/\/agpnoticias.com\/news\/index.php?rest_route=\/wp\/v2\/users\/1"}],"replies":[{"embeddable":true,"href":"https:\/\/agpnoticias.com\/news\/index.php?rest_route=%2Fwp%2Fv2%2Fcomments&post=2892019"}],"version-history":[{"count":3,"href":"https:\/\/agpnoticias.com\/news\/index.php?rest_route=\/wp\/v2\/posts\/2892019\/revisions"}],"predecessor-version":[{"id":2892023,"href":"https:\/\/agpnoticias.com\/news\/index.php?rest_route=\/wp\/v2\/posts\/2892019\/revisions\/2892023"}],"wp:featuredmedia":[{"embeddable":true,"href":"https:\/\/agpnoticias.com\/news\/index.php?rest_route=\/wp\/v2\/media\/2892020"}],"wp:attachment":[{"href":"https:\/\/agpnoticias.com\/news\/index.php?rest_route=%2Fwp%2Fv2%2Fmedia&parent=2892019"}],"wp:term":[{"taxonomy":"category","embeddable":true,"href":"https:\/\/agpnoticias.com\/news\/index.php?rest_route=%2Fwp%2Fv2%2Fcategories&post=2892019"},{"taxonomy":"post_tag","embeddable":true,"href":"https:\/\/agpnoticias.com\/news\/index.php?rest_route=%2Fwp%2Fv2%2Ftags&post=2892019"}],"curies":[{"name":"wp","href":"https:\/\/api.w.org\/{rel}","templated":true}]}}