{"id":2893433,"date":"2018-07-25T18:52:09","date_gmt":"2018-07-26T01:52:09","guid":{"rendered":"http:\/\/agpnoticias.com\/news\/?p=2893433"},"modified":"2018-08-14T18:57:36","modified_gmt":"2018-08-15T01:57:36","slug":"concluye-exitosamente-curso-de-verano-para-ninos-2018","status":"publish","type":"post","link":"https:\/\/agpnoticias.com\/news\/?p=2893433","title":{"rendered":"Concluye exitosamente \u2018Curso de verano para ni\u00f1os 2018\u2019"},"content":{"rendered":"<p>Ensenada B.C.- El Departamento de Extensi\u00f3n Universitaria de Universidad Xochicalco llev\u00f3 a cabo la clausura de su tradicional \u2018Curso de verano para ni\u00f1os 2018\u2019, lo cual significa el cierre oficial a las cuatro semanas de activaci\u00f3n para enriquecer el desarrollo infantil en la comunidad ensenadense.<\/p>\n<p>Dentro de las actividades de la ceremonia se present\u00f3 ante los padres de familia y autoridades institucionales una serie de n\u00fameros musicales y una exhibici\u00f3n de artes marciales, en las cuales participaron todos los peque\u00f1os que formaron parte del campamento de verano en su edici\u00f3n 2018.<\/p>\n<p>A su vez, se montaron muestras de dibujo y de manualidades realizadas por los ni\u00f1os a lo largo del curso, as\u00ed como de fotograf\u00edas que ilustraron el desarrollo de las actividades; para finalizar con un videoclip que mostr\u00f3 din\u00e1micas deportivas, recreativas y culturales.<\/p>\n<p>Al finalizar la ceremonia, las autoridades de Universidad Xochicalco agradecieron a los peque\u00f1os y a sus padres de familia por su valiosa participaci\u00f3n en uno de los programas infantiles de mayor tradici\u00f3n en la instituci\u00f3n, con el cual se busca coadyuvar en el crecimiento personal de los ni\u00f1os ensenadenses.<\/p>\n<p>Adem\u00e1s, se les invit\u00f3 cordialmente a formar parte de las dos semanas adicionales con que contar\u00e1 el Curso de verano 2018, sin dejar de lado que su presencia ser\u00e1 de suma importancia en la siguiente edici\u00f3n del campamento para 2019.<\/p>\n<p>En el evento, llevado a cabo en el auditorio del campus, se cont\u00f3 con la presencia del vicerrector, Jordi Alva Alem\u00e1n; la directora Acad\u00e9mica, Kenia Mar\u00edn Machado; la coordinadora de Extensi\u00f3n Universitaria, Iliana de \u00c1vila Hern\u00e1ndez; y el coordinador de Deportes, Salvador Zazueta Valencia.<\/p>\n<p>Para mayores informes de la oferta educativa de Universidad Xochicalco, las personas interesadas pueden comunicarse al tel\u00e9fono 174-39-80.<\/p>\n","protected":false},"excerpt":{"rendered":"<p>Ensenada B.C.- El Departamento de Extensi\u00f3n Universitaria de Universidad Xochicalco llev\u00f3 a cabo la clausura&#8230;<\/p>\n","protected":false},"author":16,"featured_media":2893436,"comment_status":"open","ping_status":"closed","sticky":false,"template":"","format":"gallery","meta":{"footnotes":""},"categories":[704,890],"tags":[],"class_list":["post-2893433","post","type-post","status-publish","format-gallery","has-post-thumbnail","hentry","category-deporte-estudiantil","category-universidad-xochicalco","post_format-post-format-gallery"],"_links":{"self":[{"href":"https:\/\/agpnoticias.com\/news\/index.php?rest_route=\/wp\/v2\/posts\/2893433","targetHints":{"allow":["GET"]}}],"collection":[{"href":"https:\/\/agpnoticias.com\/news\/index.php?rest_route=\/wp\/v2\/posts"}],"about":[{"href":"https:\/\/agpnoticias.com\/news\/index.php?rest_route=\/wp\/v2\/types\/post"}],"author":[{"embeddable":true,"href":"https:\/\/agpnoticias.com\/news\/index.php?rest_route=\/wp\/v2\/users\/16"}],"replies":[{"embeddable":true,"href":"https:\/\/agpnoticias.com\/news\/index.php?rest_route=%2Fwp%2Fv2%2Fcomments&post=2893433"}],"version-history":[{"count":1,"href":"https:\/\/agpnoticias.com\/news\/index.php?rest_route=\/wp\/v2\/posts\/2893433\/revisions"}],"predecessor-version":[{"id":2893438,"href":"https:\/\/agpnoticias.com\/news\/index.php?rest_route=\/wp\/v2\/posts\/2893433\/revisions\/2893438"}],"wp:featuredmedia":[{"embeddable":true,"href":"https:\/\/agpnoticias.com\/news\/index.php?rest_route=\/wp\/v2\/media\/2893436"}],"wp:attachment":[{"href":"https:\/\/agpnoticias.com\/news\/index.php?rest_route=%2Fwp%2Fv2%2Fmedia&parent=2893433"}],"wp:term":[{"taxonomy":"category","embeddable":true,"href":"https:\/\/agpnoticias.com\/news\/index.php?rest_route=%2Fwp%2Fv2%2Fcategories&post=2893433"},{"taxonomy":"post_tag","embeddable":true,"href":"https:\/\/agpnoticias.com\/news\/index.php?rest_route=%2Fwp%2Fv2%2Ftags&post=2893433"}],"curies":[{"name":"wp","href":"https:\/\/api.w.org\/{rel}","templated":true}]}}