{"id":2894455,"date":"2018-09-03T14:37:57","date_gmt":"2018-09-03T21:37:57","guid":{"rendered":"http:\/\/agpnoticias.com\/news\/?p=2894455"},"modified":"2018-09-05T14:16:01","modified_gmt":"2018-09-05T21:16:01","slug":"omar-pollo-aguilar-se-levanto-de-la-lona-para-noquear","status":"publish","type":"post","link":"https:\/\/agpnoticias.com\/news\/?p=2894455","title":{"rendered":"Omar \u00abPollo\u00bb Aguilar se levant\u00f3 de la lona para noquear"},"content":{"rendered":"<p>Tijuana, Baja California.- Ya toc\u00f3 la lona. Fue en el segundo round. \u201cMe agarr\u00f3 con un volado de izquierda. Los dos tiramos pero \u00e9l me conect\u00f3 primero porque baj\u00e9 la mano derecha\u201d, explica Omar Aguilar.<\/p>\n<p>Pero El Pollo pudo reponerse de ese primer gran contratiempo en su corta carrera como boxeador profesional. \u201cTen\u00eda buena pegada\u201d, refiere en torno a su rival, Jos\u00e9 Guillermo Garc\u00eda (8-5-1, 5 Ko\u00b4s). Y hubo de remontar. Fue en el quinto round cuando todo acab\u00f3.<\/p>\n<p>\u201cMe levant\u00e9 de la ca\u00edda y no me sent\u00ed mal porque tra\u00eda una preparaci\u00f3n muy buena. Fui a presionar para buscar los rounds que quedaban despu\u00e9s de perder el segundo. No lo pude tumbar, pero el r\u00e9feri intervino porque \u00e9l ya no respond\u00eda\u201d.<\/p>\n<p><img fetchpriority=\"high\" decoding=\"async\" class=\"aligncenter size-full wp-image-2894456\" src=\"http:\/\/agpnoticias.com\/news\/wp-content\/uploads\/2018\/09\/40526191_2169149509782282_1209104946763399168_n-e1536010598315.jpg\" alt=\"\" width=\"600\" height=\"394\" \/><\/p>\n<p>La pelea sostenida en el Auditorio Municipal de Tijuana fue la novena de Omar Aguilar. Todas las ha ganado por nocaut, pero ninguna con tanto aprendizaje. \u201cHa sido la pelea m\u00e1s dura de las que he tenido por el estilo dif\u00edcil del rival\u201d.<\/p>\n<p>Por lo pronto, El Pollo continuar\u00e1 entrenando en Ensenada, su ciudad natal, en espera de que la empresa Zanfer lo programe por d\u00e9cima ocasi\u00f3n.<\/p>\n<p><img decoding=\"async\" class=\"aligncenter size-full wp-image-2894457\" src=\"http:\/\/agpnoticias.com\/news\/wp-content\/uploads\/2018\/09\/40583780_2169149539782279_3749117471399870464_n-e1536010624172.jpg\" alt=\"\" width=\"700\" height=\"560\" \/><\/p>\n","protected":false},"excerpt":{"rendered":"<p>Tijuana, Baja California.- Ya toc\u00f3 la lona. Fue en el segundo round. \u201cMe agarr\u00f3 con&#8230;<\/p>\n","protected":false},"author":1,"featured_media":2894458,"comment_status":"open","ping_status":"closed","sticky":false,"template":"","format":"standard","meta":{"footnotes":""},"categories":[36,7],"tags":[888],"class_list":["post-2894455","post","type-post","status-publish","format-standard","has-post-thumbnail","hentry","category-boxeo","category-deportes","tag-destacado2"],"_links":{"self":[{"href":"https:\/\/agpnoticias.com\/news\/index.php?rest_route=\/wp\/v2\/posts\/2894455","targetHints":{"allow":["GET"]}}],"collection":[{"href":"https:\/\/agpnoticias.com\/news\/index.php?rest_route=\/wp\/v2\/posts"}],"about":[{"href":"https:\/\/agpnoticias.com\/news\/index.php?rest_route=\/wp\/v2\/types\/post"}],"author":[{"embeddable":true,"href":"https:\/\/agpnoticias.com\/news\/index.php?rest_route=\/wp\/v2\/users\/1"}],"replies":[{"embeddable":true,"href":"https:\/\/agpnoticias.com\/news\/index.php?rest_route=%2Fwp%2Fv2%2Fcomments&post=2894455"}],"version-history":[{"count":1,"href":"https:\/\/agpnoticias.com\/news\/index.php?rest_route=\/wp\/v2\/posts\/2894455\/revisions"}],"predecessor-version":[{"id":2894459,"href":"https:\/\/agpnoticias.com\/news\/index.php?rest_route=\/wp\/v2\/posts\/2894455\/revisions\/2894459"}],"wp:featuredmedia":[{"embeddable":true,"href":"https:\/\/agpnoticias.com\/news\/index.php?rest_route=\/wp\/v2\/media\/2894458"}],"wp:attachment":[{"href":"https:\/\/agpnoticias.com\/news\/index.php?rest_route=%2Fwp%2Fv2%2Fmedia&parent=2894455"}],"wp:term":[{"taxonomy":"category","embeddable":true,"href":"https:\/\/agpnoticias.com\/news\/index.php?rest_route=%2Fwp%2Fv2%2Fcategories&post=2894455"},{"taxonomy":"post_tag","embeddable":true,"href":"https:\/\/agpnoticias.com\/news\/index.php?rest_route=%2Fwp%2Fv2%2Ftags&post=2894455"}],"curies":[{"name":"wp","href":"https:\/\/api.w.org\/{rel}","templated":true}]}}