{"id":2894738,"date":"2018-09-10T17:48:32","date_gmt":"2018-09-11T00:48:32","guid":{"rendered":"http:\/\/agpnoticias.com\/news\/?p=2894738"},"modified":"2018-09-12T15:14:55","modified_gmt":"2018-09-12T22:14:55","slug":"agustin-campa-nacido-en-la-municipal-jugara-la-guerra-civil-con-la-ic","status":"publish","type":"post","link":"https:\/\/agpnoticias.com\/news\/?p=2894738","title":{"rendered":"Agust\u00edn Campa, nacido en la Municipal, jugar\u00e1 \u00abLa Guerra Civil\u00bb con la IC"},"content":{"rendered":"<p>Ensenada, Baja California.- Agust\u00edn Campa fue protagonista de la pol\u00e9mica final de 2004 cuando, jugando con la Liga Municipal, no pudo coronarse frente a la Liga Industrial Comercial.<\/p>\n<p>Incluso ese a\u00f1o la corona qued\u00f3 vacante. Una batalla campal durante el sexto juego de la serie, lo impidi\u00f3.<\/p>\n<p>A la distancia, el tiempo lo ha colocado como custodio de la segunda base pero ahora con la Industrial Comercial.<\/p>\n<p>\u201cMe gustaba la Municipal (como rival) porque ser\u00eda jugar nuevamente la llamada Guerra Civil y porque el campeonato quedar\u00e1 en Ensenada\u201d, se\u00f1al\u00f3 luego de que la semana pasada la IC clasificara a la final tras vencer a la Liga Rural del Valle y posterior a lo sucedido el \u00faltimo domingo cuando la Municipal elimin\u00f3 al campe\u00f3n Mexicali Amateur.<\/p>\n<p>De su paso por las diferentes selecciones de mayor representatividad en Ensenada, dijo: \u201cSon etapas, en la Liga Municipal inici\u00e9 y siempre le estoy agradecido. Los a\u00f1os pasan y uno va buscando nuevos horizontes, ahora todo bien en la IC\u201d.<\/p>\n<p>Y de su presente, admiti\u00f3 que \u201clos dos \u00faltimos domingos no llegaron los hits\u201d, pero \u201cha sido un buen estatal, bateando para que se den las cosas\u201d.<\/p>\n<p>\u201cMe siento c\u00f3modo en este equipo tan unido, incluso m\u00e1s que el a\u00f1o pasado, muy parejo en el nivel entre todos nosotros\u201d, compar\u00f3 en relaci\u00f3n a la selecci\u00f3n de la IC que el a\u00f1o pasado perdi\u00f3 la final con Mexicali Amateur.<\/p>\n<p>En la Liga Industrial Comercial, Agust\u00edn Campa ha formado la base experimentada junto a elementos como Fito S\u00e1ndez, complementando una base juvenil.<\/p>\n<p>\u201cTrato de aportar algo de lo mucho que he aprendido, compartiendo mis vivencias con la gente m\u00e1s joven, apoy\u00e1ndolos en ciertas situaciones de juego\u201d, apunt\u00f3.<\/p>\n<p>La final de la Asociaci\u00f3n de Ligas de Beisbol de Mexicali iniciar\u00e1 el domingo en el campo Alberto Mancilla Ponce, casa de la Liga Industrial Comercial, anfitriona de la Municipal.<\/p>\n","protected":false},"excerpt":{"rendered":"<p>Ensenada, Baja California.- Agust\u00edn Campa fue protagonista de la pol\u00e9mica final de 2004 cuando, jugando&#8230;<\/p>\n","protected":false},"author":1,"featured_media":2894739,"comment_status":"open","ping_status":"closed","sticky":false,"template":"","format":"standard","meta":{"footnotes":""},"categories":[30,20,7,53],"tags":[888],"class_list":["post-2894738","post","type-post","status-publish","format-standard","has-post-thumbnail","hentry","category-beisbol","category-beisbol-industrial-y-comercial","category-deportes","category-municipal-de-ensenada","tag-destacado2"],"_links":{"self":[{"href":"https:\/\/agpnoticias.com\/news\/index.php?rest_route=\/wp\/v2\/posts\/2894738","targetHints":{"allow":["GET"]}}],"collection":[{"href":"https:\/\/agpnoticias.com\/news\/index.php?rest_route=\/wp\/v2\/posts"}],"about":[{"href":"https:\/\/agpnoticias.com\/news\/index.php?rest_route=\/wp\/v2\/types\/post"}],"author":[{"embeddable":true,"href":"https:\/\/agpnoticias.com\/news\/index.php?rest_route=\/wp\/v2\/users\/1"}],"replies":[{"embeddable":true,"href":"https:\/\/agpnoticias.com\/news\/index.php?rest_route=%2Fwp%2Fv2%2Fcomments&post=2894738"}],"version-history":[{"count":3,"href":"https:\/\/agpnoticias.com\/news\/index.php?rest_route=\/wp\/v2\/posts\/2894738\/revisions"}],"predecessor-version":[{"id":2894742,"href":"https:\/\/agpnoticias.com\/news\/index.php?rest_route=\/wp\/v2\/posts\/2894738\/revisions\/2894742"}],"wp:featuredmedia":[{"embeddable":true,"href":"https:\/\/agpnoticias.com\/news\/index.php?rest_route=\/wp\/v2\/media\/2894739"}],"wp:attachment":[{"href":"https:\/\/agpnoticias.com\/news\/index.php?rest_route=%2Fwp%2Fv2%2Fmedia&parent=2894738"}],"wp:term":[{"taxonomy":"category","embeddable":true,"href":"https:\/\/agpnoticias.com\/news\/index.php?rest_route=%2Fwp%2Fv2%2Fcategories&post=2894738"},{"taxonomy":"post_tag","embeddable":true,"href":"https:\/\/agpnoticias.com\/news\/index.php?rest_route=%2Fwp%2Fv2%2Ftags&post=2894738"}],"curies":[{"name":"wp","href":"https:\/\/api.w.org\/{rel}","templated":true}]}}