{"id":2896683,"date":"2018-10-12T18:30:59","date_gmt":"2018-10-13T01:30:59","guid":{"rendered":"http:\/\/agpnoticias.com\/news\/?p=2896683"},"modified":"2018-10-13T20:44:13","modified_gmt":"2018-10-14T03:44:13","slug":"apuntes-perdidos-164","status":"publish","type":"post","link":"https:\/\/agpnoticias.com\/news\/?p=2896683","title":{"rendered":"APUNTES PERDIDOS"},"content":{"rendered":"<p><strong>Por Marco Antonio Dom\u00ednguez Niebla<\/strong><\/p>\n<p><strong>Un genio en la esponja<\/strong><\/p>\n<p>Me inspiraba. Y c\u00f3mo no si a esa edad de los catorce, por m\u00e1s que exprimas la esponja del recuerdo, lo realmente absorbido resiste el paso de los a\u00f1os, se arraiga. Sentado al filo de mi cama, lo m\u00e1s cercano posible al televisor, lo ve\u00eda hacer todo bien: acostumbraba a meterse al enredo para solucionarlo y met\u00eda el pecho al rival, pese a su peque\u00f1ez, para defender a los suyos cuantas veces fuera necesario. Y cuando tomaba la pelota, nadie lo hac\u00eda (nadie lo har\u00e1) como \u00e9l. En M\u00e9xico los medios ten\u00edan a la mayor\u00eda expectante de lo que estaba por hacer como local \u201cla mejor selecci\u00f3n nacional de todos los tiempos\u201d, la de Hugo y Tom\u00e1s y Quirarte y todos esos se\u00f1ores que hoy salen por televisi\u00f3n criticando con resentimiento lo que entonces les criticaban a ellos mientras ca\u00edan derrotados antes de lo esperado por no estar a la altura, como los de ahora. Para m\u00ed la Copa del Mundo, ya desde entonces, era otra cosa, algo m\u00e1s, hambre por descubrir, por conocer. Y en esa b\u00fasqueda apareci\u00f3 el 10 de la selecci\u00f3n argentina. Abreviar\u00e9 lo que sucedi\u00f3 entonces: la primera fase en CU y el juego contra Italia en el Cuauht\u00e9moc de Puebla marcando un gol m\u00e1gico, de esos que s\u00f3lo \u00e9l. Tambi\u00e9n preciso resumir lo de octavos con Uruguay y lo de cuartos contra Inglaterra cuando su mano de dios y el mejor gol que he visto no s\u00f3lo en mundiales sino en cualquier otra \u00e9poca, como tambi\u00e9n ser\u00e9 conciso al recordar los dos goles a B\u00e9lgica hechos por \u00e9l solo sin m\u00e1s ayuda que su genio durante las semifinales, as\u00ed como el pase que remat\u00f3 a la Alemania reci\u00e9n resucitada en la final pero s\u00f3lo hasta que \u00e9l quiso, porque cuando quiso meti\u00f3 una pelota en profundidad que Burruchaga cruz\u00f3 para hacer justicia. Y no hab\u00eda m\u00e1s justicia resumida en una escena que \u00e9l levantando la Copa del Mundo del 86, la de M\u00e9xico, la suya, la que sin \u00e9l no hubiese sido posible. Ignoro si adem\u00e1s de arraigarse los recuerdos instalados desde los catorce tambi\u00e9n se magnifiquen. Lo cierto es que nunca volvi\u00f3 a pasar. Nunca volv\u00ed a ver algo as\u00ed, como lo de \u00e9l. En fin, vuelvo a la realidad. Hay que trabajar. Basta de recuerdos y a lo que sigue. No soy m\u00e1s aquel chico de secundaria y hay que viajar m\u00e1s de 100 kil\u00f3metros. Hoy soy reportero. El juego es tarde, a las nueve, as\u00ed que terminar\u00e1 m\u00e1s all\u00e1 de las once para luego emprender otro viaje con la misma distancia por andar. All\u00e1 encontrar\u00e9 a un se\u00f1or que entrena a un equipo de la segunda divisi\u00f3n mexicana mientras camina con dificultades y murmura en vez de hablar, ese mismo que alguna vez fue capaz de arraigarse hasta en el m\u00e1s inspirador de los recuerdos.<\/p>\n<p><em>*El autor es colaborador de AGP Deportes.<\/em><\/p>\n","protected":false},"excerpt":{"rendered":"<p>Por Marco Antonio Dom\u00ednguez Niebla Un genio en la esponja Me inspiraba. Y c\u00f3mo no&#8230;<\/p>\n","protected":false},"author":1,"featured_media":2896684,"comment_status":"open","ping_status":"closed","sticky":false,"template":"","format":"standard","meta":{"footnotes":""},"categories":[24,141,7],"tags":[888,877],"class_list":["post-2896683","post","type-post","status-publish","format-standard","has-post-thumbnail","hentry","category-la-columna","category-columnas","category-deportes","tag-destacado2","tag-marco"],"_links":{"self":[{"href":"https:\/\/agpnoticias.com\/news\/index.php?rest_route=\/wp\/v2\/posts\/2896683","targetHints":{"allow":["GET"]}}],"collection":[{"href":"https:\/\/agpnoticias.com\/news\/index.php?rest_route=\/wp\/v2\/posts"}],"about":[{"href":"https:\/\/agpnoticias.com\/news\/index.php?rest_route=\/wp\/v2\/types\/post"}],"author":[{"embeddable":true,"href":"https:\/\/agpnoticias.com\/news\/index.php?rest_route=\/wp\/v2\/users\/1"}],"replies":[{"embeddable":true,"href":"https:\/\/agpnoticias.com\/news\/index.php?rest_route=%2Fwp%2Fv2%2Fcomments&post=2896683"}],"version-history":[{"count":3,"href":"https:\/\/agpnoticias.com\/news\/index.php?rest_route=\/wp\/v2\/posts\/2896683\/revisions"}],"predecessor-version":[{"id":2896791,"href":"https:\/\/agpnoticias.com\/news\/index.php?rest_route=\/wp\/v2\/posts\/2896683\/revisions\/2896791"}],"wp:featuredmedia":[{"embeddable":true,"href":"https:\/\/agpnoticias.com\/news\/index.php?rest_route=\/wp\/v2\/media\/2896684"}],"wp:attachment":[{"href":"https:\/\/agpnoticias.com\/news\/index.php?rest_route=%2Fwp%2Fv2%2Fmedia&parent=2896683"}],"wp:term":[{"taxonomy":"category","embeddable":true,"href":"https:\/\/agpnoticias.com\/news\/index.php?rest_route=%2Fwp%2Fv2%2Fcategories&post=2896683"},{"taxonomy":"post_tag","embeddable":true,"href":"https:\/\/agpnoticias.com\/news\/index.php?rest_route=%2Fwp%2Fv2%2Ftags&post=2896683"}],"curies":[{"name":"wp","href":"https:\/\/api.w.org\/{rel}","templated":true}]}}