{"id":2896878,"date":"2018-10-18T16:59:56","date_gmt":"2018-10-18T23:59:56","guid":{"rendered":"http:\/\/agpnoticias.com\/news\/?p=2896878"},"modified":"2018-10-19T20:34:52","modified_gmt":"2018-10-20T03:34:52","slug":"mas-de-3-mil-ninos-para-conmemorar-el-mes-internacional-de-educacion-fisica","status":"publish","type":"post","link":"https:\/\/agpnoticias.com\/news\/?p=2896878","title":{"rendered":"M\u00e1s de 3 mil ni\u00f1os para conmemorar el Mes Internacional de Educaci\u00f3n F\u00edsica"},"content":{"rendered":"<p>Ensenada, Baja California.- M\u00e1s de tres mil ni\u00f1os de educaci\u00f3n preescolar y primaria acudieron a la Ciudad Deportiva de Ensenada para participar en una expo que por quinto a\u00f1o organiz\u00f3 la coordinaci\u00f3n regional de educaci\u00f3n f\u00edsica encabezada por Fernando Ribeiro Cham.<\/p>\n<p>El coordinador explic\u00f3 que la iniciativa se realiza de cinco a\u00f1os a la fecha para \u201csacar a los maestros de la escuela y llevarlos al contexto de la social\u201d dentro de las actividades conmemorativas del D\u00eda Internacional de la Educaci\u00f3n F\u00edsica.<\/p>\n<p>Aunque la fecha del acontecimiento es el 8 de octubre, las acciones conmemorativas se programaron a partir del lunes 15 de octubre y hasta este d\u00eda.<\/p>\n<figure id=\"attachment_2896881\" aria-describedby=\"caption-attachment-2896881\" style=\"width: 400px\" class=\"wp-caption aligncenter\"><img fetchpriority=\"high\" decoding=\"async\" class=\"size-full wp-image-2896881\" src=\"http:\/\/agpnoticias.com\/news\/wp-content\/uploads\/2018\/10\/WhatsApp-Image-2018-10-18-at-12.21.02-PM-e1539907080187.jpeg\" alt=\"\" width=\"400\" height=\"283\" \/><figcaption id=\"caption-attachment-2896881\" class=\"wp-caption-text\">Cortes\u00eda<\/figcaption><\/figure>\n<p>\u201cSe entregaron 3 mil 800 tr\u00edpticos de mano en mano en las escuelas primarias (de la zona urbana), m\u00e1s 800 en la zona rural, con informaci\u00f3n relativa a los contenidos de la clase de educaci\u00f3n f\u00edsica\u201d, precis\u00f3 Ribeiro Cham.<\/p>\n<p>Adem\u00e1s, agreg\u00f3, hubo un taller para maestros de secundaria el cual fue impartido por Lorenzo Peralta, especialista en balonmano con un tetracampeonato estatal y campeonatos nacionales al frente del equipo de la primaria Mat\u00edas G\u00f3mez.<\/p>\n<p>Y junto a la Jefatura de Sector 06 correspondiente a primarias federales hubo un taller en torno al nuevo modelo educativo y su aplicaci\u00f3n en materia de educaci\u00f3n f\u00edsica.<\/p>\n<figure id=\"attachment_2896882\" aria-describedby=\"caption-attachment-2896882\" style=\"width: 400px\" class=\"wp-caption aligncenter\"><img decoding=\"async\" class=\"size-full wp-image-2896882\" src=\"http:\/\/agpnoticias.com\/news\/wp-content\/uploads\/2018\/10\/WhatsApp-Image-2018-10-18-at-12.21.09-PM-e1539907113318.jpeg\" alt=\"\" width=\"400\" height=\"300\" \/><figcaption id=\"caption-attachment-2896882\" class=\"wp-caption-text\">Cortes\u00eda<\/figcaption><\/figure>\n<p>De regreso a la expo que inici\u00f3 a las 8:00 horas y se prolong\u00f3 hasta las 15:00 de este jueves, se\u00f1al\u00f3 que se impartieron conceptos de \u201cmanera concreta y clara\u201d por parte de los maestros de educaci\u00f3n f\u00edsica.<\/p>\n<p>Por su parte, el coordinador municipal de la especialidad, Luis Santiago S\u00e1nchez Parada, precis\u00f3 que acudieron estudiantes de 40 escuelas primarias y 10 preescolares, los primeros congregados en el campo tres de futbol de Ciudad Deportiva y los segundos reunidos en el campo cinco.<\/p>\n<p>\u201cContamos con 14 gu\u00edas que participaron en esta quinta expo llamada \u00b4Los Retos de la Educaci\u00f3n F\u00edsica en el Nuevo Modelo Educativo\u00b4\u201d, apunt\u00f3.<\/p>\n<p>\u201cLa principal implementaci\u00f3n de este modelo es vincular el espa\u00f1ol, las matem\u00e1ticas y el resto del programa de estudio, con la materia de educaci\u00f3n f\u00edsica a trav\u00e9s de juegos que faciliten la asimilaci\u00f3n de \u00e9stas para los ni\u00f1os\u201d, agreg\u00f3.<\/p>\n<p><img decoding=\"async\" class=\"aligncenter size-full wp-image-2896880\" src=\"http:\/\/agpnoticias.com\/news\/wp-content\/uploads\/2018\/10\/IMG_6800-e1539907171358.jpg\" alt=\"\" width=\"600\" height=\"410\" \/><\/p>\n","protected":false},"excerpt":{"rendered":"<p>Ensenada, Baja California.- M\u00e1s de tres mil ni\u00f1os de educaci\u00f3n preescolar y primaria acudieron a&#8230;<\/p>\n","protected":false},"author":1,"featured_media":2896879,"comment_status":"open","ping_status":"closed","sticky":false,"template":"","format":"standard","meta":{"footnotes":""},"categories":[7],"tags":[888],"class_list":["post-2896878","post","type-post","status-publish","format-standard","has-post-thumbnail","hentry","category-deportes","tag-destacado2"],"_links":{"self":[{"href":"https:\/\/agpnoticias.com\/news\/index.php?rest_route=\/wp\/v2\/posts\/2896878","targetHints":{"allow":["GET"]}}],"collection":[{"href":"https:\/\/agpnoticias.com\/news\/index.php?rest_route=\/wp\/v2\/posts"}],"about":[{"href":"https:\/\/agpnoticias.com\/news\/index.php?rest_route=\/wp\/v2\/types\/post"}],"author":[{"embeddable":true,"href":"https:\/\/agpnoticias.com\/news\/index.php?rest_route=\/wp\/v2\/users\/1"}],"replies":[{"embeddable":true,"href":"https:\/\/agpnoticias.com\/news\/index.php?rest_route=%2Fwp%2Fv2%2Fcomments&post=2896878"}],"version-history":[{"count":1,"href":"https:\/\/agpnoticias.com\/news\/index.php?rest_route=\/wp\/v2\/posts\/2896878\/revisions"}],"predecessor-version":[{"id":2896883,"href":"https:\/\/agpnoticias.com\/news\/index.php?rest_route=\/wp\/v2\/posts\/2896878\/revisions\/2896883"}],"wp:featuredmedia":[{"embeddable":true,"href":"https:\/\/agpnoticias.com\/news\/index.php?rest_route=\/wp\/v2\/media\/2896879"}],"wp:attachment":[{"href":"https:\/\/agpnoticias.com\/news\/index.php?rest_route=%2Fwp%2Fv2%2Fmedia&parent=2896878"}],"wp:term":[{"taxonomy":"category","embeddable":true,"href":"https:\/\/agpnoticias.com\/news\/index.php?rest_route=%2Fwp%2Fv2%2Fcategories&post=2896878"},{"taxonomy":"post_tag","embeddable":true,"href":"https:\/\/agpnoticias.com\/news\/index.php?rest_route=%2Fwp%2Fv2%2Ftags&post=2896878"}],"curies":[{"name":"wp","href":"https:\/\/api.w.org\/{rel}","templated":true}]}}