{"id":2897870,"date":"2018-11-06T15:43:17","date_gmt":"2018-11-06T23:43:17","guid":{"rendered":"http:\/\/agpnoticias.com\/news\/?p=2897870"},"modified":"2018-11-07T22:30:55","modified_gmt":"2018-11-08T06:30:55","slug":"medallas-nacionales-para-karatecas-de-unifront","status":"publish","type":"post","link":"https:\/\/agpnoticias.com\/news\/?p=2897870","title":{"rendered":"Medallas nacionales para karatecas de Unifront"},"content":{"rendered":"<p>Ensenada, Baja California.- Poco m\u00e1s de un a\u00f1o despu\u00e9s, la expectativa inicial del programa de Karate Do iniciado en Colegio Unifront ha sido superada.<\/p>\n<p>\u201cEn septiembre del a\u00f1o pasado me compromet\u00ed a conseguir medallas estatales y ya tenemos hasta un primer lugar nacional\u201d, indic\u00f3 Iv\u00e1n Calder\u00f3n.<\/p>\n<p>El responsable del proyecto planteado por Juan Diego Rodr\u00edguez frente a la directora de primaria, Scarlet Salcedo, hace m\u00e1s de un a\u00f1o, con el Sempai Calder\u00f3n como titular, ya tiene sus primeros frutos.<\/p>\n<p>En el Campeonato Nacional Abierto de Canc\u00fan, \u201cde los cinco representantes que llevamos como Colegio Unifront, cuatro consiguieron medalla\u201d.<\/p>\n<p>Daniel Arath Coronado alcanz\u00f3 el oro en kata y un bronce en combate (8-9 a\u00f1os), mientras que Emmanuel Emeterio Contreras alcanz\u00f3 un bronce en cada modalidad y El\u00edas Alberto Barranco fue bronce en kata, \u00e9stos dos \u00faltimos en la categor\u00eda 6-7 a\u00f1os.<\/p>\n<p>Adem\u00e1s, el estudiante de bachillerato, Adri\u00e1n Mart\u00ednez, fue plata Sub21 y oro en el selectivo a Copa Norteam\u00e9rica, evento clasificatorio a los Juegos Panamericanos de Lima en 2019.<\/p>\n<p>\u201cEs un gran resultado para tener apenas un a\u00f1o trabajando este proyecto\u201d, dijo el Sempai Calder\u00f3n, quien destac\u00f3 \u201cel compa\u00f1erismo\u201d y agreg\u00f3 que Aneth Jocelyn Calder\u00f3n alcanz\u00f3 los cuartos de final en kata, para completar la actuaci\u00f3n de sus dirigidos.<\/p>\n<p>\u201cAdri\u00e1n nos ayud\u00f3 a dirigir a sus compa\u00f1eros menores, y cuando eliminaron en combate a El\u00edas, Emmanuel sinti\u00f3 el compromiso de enfrentar al rival que lo elimin\u00f3; as\u00ed sucedi\u00f3 y pudo ganarle el bronce\u201d, explic\u00f3.<\/p>\n<p>Cumplido el proceso, el siguiente paso para los alumnos de primaria ser\u00e1 preparar el siguiente ciclo desde las competencias internas.<\/p>\n<p>Por su parte, la directora de primaria, Scarlet Salcedo, reconoci\u00f3 la evoluci\u00f3n inmediata y los resultados que ha entregado el grupo de karatecas despu\u00e9s de sumar ese deporte al programa deportivo, que, dijo, es una prioridad para complementar la educaci\u00f3n integral de los estudiantes.<\/p>\n<p>En ese sentido, el responsable deportivo de Unifront, V\u00edctor Vea Pe\u00f1a, subray\u00f3 la disciplina de los medallistas en un deporte que as\u00ed lo exige frente a un proceso oficial tanto en competencias estatales como nacionales, e internacionales en el caso de Adri\u00e1n Mart\u00ednez.<\/p>\n<p>Y sostuvo que el karate continuar\u00e1 como parte de iniciativas de promoci\u00f3n al deporte, con becas para los atletas de alto rendimiento, proyectado ya hace un par de a\u00f1os por el director de la instituci\u00f3n, Humberto Guti\u00e9rrez Mart\u00ednez.<\/p>\n","protected":false},"excerpt":{"rendered":"<p>Ensenada, Baja California.- Poco m\u00e1s de un a\u00f1o despu\u00e9s, la expectativa inicial del programa de&#8230;<\/p>\n","protected":false},"author":1,"featured_media":2897871,"comment_status":"open","ping_status":"closed","sticky":false,"template":"","format":"standard","meta":{"footnotes":""},"categories":[581,704,7],"tags":[888],"class_list":["post-2897870","post","type-post","status-publish","format-standard","has-post-thumbnail","hentry","category-artes-marciales","category-deporte-estudiantil","category-deportes","tag-destacado2"],"_links":{"self":[{"href":"https:\/\/agpnoticias.com\/news\/index.php?rest_route=\/wp\/v2\/posts\/2897870","targetHints":{"allow":["GET"]}}],"collection":[{"href":"https:\/\/agpnoticias.com\/news\/index.php?rest_route=\/wp\/v2\/posts"}],"about":[{"href":"https:\/\/agpnoticias.com\/news\/index.php?rest_route=\/wp\/v2\/types\/post"}],"author":[{"embeddable":true,"href":"https:\/\/agpnoticias.com\/news\/index.php?rest_route=\/wp\/v2\/users\/1"}],"replies":[{"embeddable":true,"href":"https:\/\/agpnoticias.com\/news\/index.php?rest_route=%2Fwp%2Fv2%2Fcomments&post=2897870"}],"version-history":[{"count":3,"href":"https:\/\/agpnoticias.com\/news\/index.php?rest_route=\/wp\/v2\/posts\/2897870\/revisions"}],"predecessor-version":[{"id":2897874,"href":"https:\/\/agpnoticias.com\/news\/index.php?rest_route=\/wp\/v2\/posts\/2897870\/revisions\/2897874"}],"wp:featuredmedia":[{"embeddable":true,"href":"https:\/\/agpnoticias.com\/news\/index.php?rest_route=\/wp\/v2\/media\/2897871"}],"wp:attachment":[{"href":"https:\/\/agpnoticias.com\/news\/index.php?rest_route=%2Fwp%2Fv2%2Fmedia&parent=2897870"}],"wp:term":[{"taxonomy":"category","embeddable":true,"href":"https:\/\/agpnoticias.com\/news\/index.php?rest_route=%2Fwp%2Fv2%2Fcategories&post=2897870"},{"taxonomy":"post_tag","embeddable":true,"href":"https:\/\/agpnoticias.com\/news\/index.php?rest_route=%2Fwp%2Fv2%2Ftags&post=2897870"}],"curies":[{"name":"wp","href":"https:\/\/api.w.org\/{rel}","templated":true}]}}