{"id":2897891,"date":"2018-11-07T11:44:52","date_gmt":"2018-11-07T19:44:52","guid":{"rendered":"http:\/\/agpnoticias.com\/news\/?p=2897891"},"modified":"2018-11-07T11:44:52","modified_gmt":"2018-11-07T19:44:52","slug":"prepara-gobierno-de-ensenada-desfile-civico-deportivo-para-el-20-de-noviembre","status":"publish","type":"post","link":"https:\/\/agpnoticias.com\/news\/?p=2897891","title":{"rendered":"Prepara gobierno de Ensenada desfile c\u00edvico-deportivo para el 20 de noviembre"},"content":{"rendered":"<p class=\"x_MsoNormal\">Ensenada, Baja California.- El XXII Ayuntamiento de Ensenada a cargo de Marco Novelo preparan el desfile c\u00edvico deportivo conmemorativo al CVIII Aniversario de la Revoluci\u00f3n Mexicana.<\/p>\n<p class=\"x_MsoNormal\">Se contar\u00e1 con la participaci\u00f3n de planteles escolares de nivel secundaria, preparatoria y universidades, as\u00ed como corporaciones militares y de seguridad, asociaciones civiles y paramilitares.<\/p>\n<p class=\"x_MsoNormal\">El tradicional desfile c\u00edvico-deportivo a celebrarse el pr\u00f3ximo 20 de noviembre en esta programado para las 9:00 horas partiendo de la avenida Virgilio Uribe y Blvd. L\u00e1zaro C\u00e1rdenas.<\/p>\n<p class=\"x_MsoNormal\">A las comparsas participantes se evaluar\u00e1 durante el recorrido puntualidad, marcialidad, disciplina y uniformidad, as\u00ed como vestuarios, m\u00fasica o escenograf\u00edas propias de la actividad.<\/p>\n<p class=\"x_MsoNormal\">Se premiar\u00e1 con reconocimientos a los tres lugares m\u00e1s destacados en una ceremonia c\u00edvica programada para el d\u00eda 10 de diciembre a las 9:00 horas en el Vest\u00edbulo de la \u00a0Casa Municipal.<\/p>\n","protected":false},"excerpt":{"rendered":"<p>Ensenada, Baja California.- El XXII Ayuntamiento de Ensenada a cargo de Marco Novelo preparan el&#8230;<\/p>\n","protected":false},"author":1,"featured_media":2883289,"comment_status":"open","ping_status":"closed","sticky":false,"template":"","format":"standard","meta":{"footnotes":""},"categories":[7,173],"tags":[595],"class_list":["post-2897891","post","type-post","status-publish","format-standard","has-post-thumbnail","hentry","category-deportes","category-ayuntamiento-de-ensenada","tag-destacado"],"_links":{"self":[{"href":"https:\/\/agpnoticias.com\/news\/index.php?rest_route=\/wp\/v2\/posts\/2897891","targetHints":{"allow":["GET"]}}],"collection":[{"href":"https:\/\/agpnoticias.com\/news\/index.php?rest_route=\/wp\/v2\/posts"}],"about":[{"href":"https:\/\/agpnoticias.com\/news\/index.php?rest_route=\/wp\/v2\/types\/post"}],"author":[{"embeddable":true,"href":"https:\/\/agpnoticias.com\/news\/index.php?rest_route=\/wp\/v2\/users\/1"}],"replies":[{"embeddable":true,"href":"https:\/\/agpnoticias.com\/news\/index.php?rest_route=%2Fwp%2Fv2%2Fcomments&post=2897891"}],"version-history":[{"count":1,"href":"https:\/\/agpnoticias.com\/news\/index.php?rest_route=\/wp\/v2\/posts\/2897891\/revisions"}],"predecessor-version":[{"id":2897892,"href":"https:\/\/agpnoticias.com\/news\/index.php?rest_route=\/wp\/v2\/posts\/2897891\/revisions\/2897892"}],"wp:featuredmedia":[{"embeddable":true,"href":"https:\/\/agpnoticias.com\/news\/index.php?rest_route=\/wp\/v2\/media\/2883289"}],"wp:attachment":[{"href":"https:\/\/agpnoticias.com\/news\/index.php?rest_route=%2Fwp%2Fv2%2Fmedia&parent=2897891"}],"wp:term":[{"taxonomy":"category","embeddable":true,"href":"https:\/\/agpnoticias.com\/news\/index.php?rest_route=%2Fwp%2Fv2%2Fcategories&post=2897891"},{"taxonomy":"post_tag","embeddable":true,"href":"https:\/\/agpnoticias.com\/news\/index.php?rest_route=%2Fwp%2Fv2%2Ftags&post=2897891"}],"curies":[{"name":"wp","href":"https:\/\/api.w.org\/{rel}","templated":true}]}}