{"id":2898781,"date":"2018-11-22T16:30:01","date_gmt":"2018-11-23T00:30:01","guid":{"rendered":"http:\/\/agpnoticias.com\/news\/?p=2898781"},"modified":"2018-11-23T13:44:25","modified_gmt":"2018-11-23T21:44:25","slug":"isaac-nunez-dispuesto-a-superar-eliminacion-mundialista","status":"publish","type":"post","link":"https:\/\/agpnoticias.com\/news\/?p=2898781","title":{"rendered":"Isaac N\u00fa\u00f1ez dispuesto a superar eliminaci\u00f3n mundialista"},"content":{"rendered":"<p>Ensenada, Baja California.- En el \u00faltimo aparato, la ilusi\u00f3n mexicana se derrumb\u00f3.<\/p>\n<p>Mientras en la rama femenil, la mexicalense Alexa Moreno destacaba como medallista en el Mundial de Qatar, el equipo varonil de M\u00e9xico fracasaba en su intento de clasificar al pr\u00f3ximo Mundial, clasificatorio a los Juegos Ol\u00edmpicos de Tokio.<\/p>\n<p>Hasta antes de subirse al caballo con arzones, el seleccionado nacional se encontraba en la franja de clasificaci\u00f3n, dentro de los primeros 24, pero entonces vino el derrumbe.<\/p>\n<p>\u201cEstoy insatisfecho por no haber el resultado que busc\u00e1bamos, pero vi\u00e9ndolo de otra forma, me siento agradecido porque es experiencia, es no volver a vivir lo que viv\u00ed, lo que sent\u00ed, esa presi\u00f3n incre\u00edble de estar frente a una responsabilidad tan grande\u201d, dijo Isaac N\u00fa\u00f1ez Farf\u00e1n.<\/p>\n<p>El gimnasta ensenadense fue responsable de cerrar la participaci\u00f3n en dicho aparato, luego de que sus compa\u00f1eros hab\u00edan registrado puntuaciones que exclu\u00edan a M\u00e9xico de la lista, como finalmente pas\u00f3.<\/p>\n<p>\u201c\u00cdbamos en la cuarta rotaci\u00f3n dentro de la meta que buscabamos, pero en el \u00faltimo aparato, caballo con arzones, todo se vino abajo. Nos presionamos todos por cerrar en ese aparato tan complicado y todos tuvimos ca\u00eddas&#8230;\u201d, reconoci\u00f3.<\/p>\n<p>Producto de ese resultado, \u201cobviamente el equipo decay\u00f3\u201d.<\/p>\n<p>Pero el integrante del Club de Gimnasia de Ensenada \u00a0sostuvo que para 2019 \u201chay que volver a concentrarse para llegar de nuevo al Mundial (ya sin posibilidad de ir por equipo) y sacarnos la espina\u201d.<\/p>\n<figure id=\"attachment_2898783\" aria-describedby=\"caption-attachment-2898783\" style=\"width: 350px\" class=\"wp-caption alignleft\"><img fetchpriority=\"high\" decoding=\"async\" class=\"size-full wp-image-2898783\" src=\"http:\/\/agpnoticias.com\/news\/wp-content\/uploads\/2018\/11\/IMG_6170-e1542828026904.jpg\" alt=\"\" width=\"350\" height=\"273\" \/><figcaption id=\"caption-attachment-2898783\" class=\"wp-caption-text\">Luis Sosa, entrenador del Club de Gimnasia de Ensenada<\/figcaption><\/figure>\n<p>En ese proceso, encontrar\u00e1 a su compa\u00f1ero de gimnasio, el dos veces ol\u00edmpico Daniel Corral. \u201cCompetir con alguien tan grande motiva, m\u00e1s en mi caso que entreno con \u00e9l\u201d, afirm\u00f3.<\/p>\n<p>Por su parte, Luis Sosa, entrenador de Isaac N\u00fa\u00f1ez y ex seleccionado nacional, consider\u00f3 que \u201cla inmadurez hizo crecer la presi\u00f3n en una grupo al que la falta experiencia, sabiendo que ten\u00edan que cerrar con todo en ese aparato donde fallaron\u201d.<\/p>\n<p>\u201cEn el caso de Isaac la presi\u00f3n fue enorme porque le toc\u00f3 cerrar con el antecedente las puntuaciones tan bajas registradas por sus compa\u00f1eros\u201d, explic\u00f3.<\/p>\n<p>En ese sentido, lament\u00f3 que el cambio de marca en los aparatos haya influido en el desempe\u00f1o de las diferentes selecciones, misma que \u201cnunca se hab\u00eda usado, peque\u00f1o y angosto el caballo con arzones, y la piel muy resbalosa\u201d.<\/p>\n<p>En cuanto al trabajo a realizar con su dirigido, estim\u00f3 que \u201chay que hablar con \u00e9l para que se concentre en lo que viene\u201d.<\/p>\n<p>\u201cLo veo tranquilo, m\u00e1s pensando en su futuro. Cierto que es una carga para \u00e9l y habr\u00e1 que trabajar para que piense en sus posibilidades futuras\u201d, apunt\u00f3.<\/p>\n","protected":false},"excerpt":{"rendered":"<p>Ensenada, Baja California.- En el \u00faltimo aparato, la ilusi\u00f3n mexicana se derrumb\u00f3. Mientras en la&#8230;<\/p>\n","protected":false},"author":1,"featured_media":2898782,"comment_status":"open","ping_status":"closed","sticky":false,"template":"","format":"standard","meta":{"footnotes":""},"categories":[7,46],"tags":[888,876],"class_list":["post-2898781","post","type-post","status-publish","format-standard","has-post-thumbnail","hentry","category-deportes","category-gimnasia","tag-destacado2","tag-historias"],"_links":{"self":[{"href":"https:\/\/agpnoticias.com\/news\/index.php?rest_route=\/wp\/v2\/posts\/2898781","targetHints":{"allow":["GET"]}}],"collection":[{"href":"https:\/\/agpnoticias.com\/news\/index.php?rest_route=\/wp\/v2\/posts"}],"about":[{"href":"https:\/\/agpnoticias.com\/news\/index.php?rest_route=\/wp\/v2\/types\/post"}],"author":[{"embeddable":true,"href":"https:\/\/agpnoticias.com\/news\/index.php?rest_route=\/wp\/v2\/users\/1"}],"replies":[{"embeddable":true,"href":"https:\/\/agpnoticias.com\/news\/index.php?rest_route=%2Fwp%2Fv2%2Fcomments&post=2898781"}],"version-history":[{"count":6,"href":"https:\/\/agpnoticias.com\/news\/index.php?rest_route=\/wp\/v2\/posts\/2898781\/revisions"}],"predecessor-version":[{"id":2898851,"href":"https:\/\/agpnoticias.com\/news\/index.php?rest_route=\/wp\/v2\/posts\/2898781\/revisions\/2898851"}],"wp:featuredmedia":[{"embeddable":true,"href":"https:\/\/agpnoticias.com\/news\/index.php?rest_route=\/wp\/v2\/media\/2898782"}],"wp:attachment":[{"href":"https:\/\/agpnoticias.com\/news\/index.php?rest_route=%2Fwp%2Fv2%2Fmedia&parent=2898781"}],"wp:term":[{"taxonomy":"category","embeddable":true,"href":"https:\/\/agpnoticias.com\/news\/index.php?rest_route=%2Fwp%2Fv2%2Fcategories&post=2898781"},{"taxonomy":"post_tag","embeddable":true,"href":"https:\/\/agpnoticias.com\/news\/index.php?rest_route=%2Fwp%2Fv2%2Ftags&post=2898781"}],"curies":[{"name":"wp","href":"https:\/\/api.w.org\/{rel}","templated":true}]}}