{"id":2898880,"date":"2018-11-23T11:37:01","date_gmt":"2018-11-23T19:37:01","guid":{"rendered":"http:\/\/agpnoticias.com\/news\/?p=2898880"},"modified":"2018-11-23T20:09:53","modified_gmt":"2018-11-24T04:09:53","slug":"shaggy-loera-y-rosa-aguiar-reconocidos-por-directiva-del-muro-de-la-fama","status":"publish","type":"post","link":"https:\/\/agpnoticias.com\/news\/?p=2898880","title":{"rendered":"\u00abShaggy\u00bb Loera y Rosa Aguiar, reconocidos por directiva del Muro de la Fama"},"content":{"rendered":"<p>Ensenada, Baja California.- Por el momento, no pueden ser parte del Muro de la Fama del Deporte de El Sauzal.<\/p>\n<p>A Alfonso \u201cShaggy\u201d Loera, el ex jugador de Chivas Rayadas del Guadalajara, todav\u00eda le faltan algunos meses para cumplir los 40. Y para Rosa Aguiar, la actual jugadora de Xoloitzcuintles de Tijuana en la Liga Femenil MX, la distancia, a sus 22, es a\u00fan mayor para completar ese requisito.<\/p>\n<p>Pero la directiva encabezada por Juan \u201cConejo\u201d Herrera decidi\u00f3 entregarles una placa por sus trayectorias la ma\u00f1ana del viernes, luego de que el domingo se les colocara una medalla de manera simb\u00f3lica a ambos.<\/p>\n<p>\u201cLos invitamos a la segunda ceremonia de deportistas de nuestro muro, pero los dos todav\u00eda son j\u00f3venes para promover su integraci\u00f3n ah\u00ed. As\u00ed que decidimos como mesa directiva reconocerlos de esta manera\u201d, dijo el presidente del Muro que se encuentra en la unidad Ernesto Moreno.<\/p>\n<p><img fetchpriority=\"high\" decoding=\"async\" class=\"aligncenter size-full wp-image-2898882\" src=\"http:\/\/agpnoticias.com\/news\/wp-content\/uploads\/2018\/11\/IMG_7066-e1543001760756.jpg\" alt=\"\" width=\"600\" height=\"447\" \/><\/p>\n<p>El \u201cConejo\u201d, acompa\u00f1ado de su secretario Jorge \u201cZapato\u201d Murillo y el resto de su mesa directiva, consider\u00f3 que tanto Loera como Rosita \u201cpueden ayudar a que el futbol de El Sauzal, que en los noventa lleg\u00f3 a ganar las eliminatorias ante los equipos de Ensenada, resurja porque en la actualidad pr\u00e1cticamente no existe\u201d.<\/p>\n<p>\u201cLos necesitamos a los dos y nos gustar\u00eda que se comprometan a ser ejemplo y motivaci\u00f3n para los futbolistas j\u00f3venes (de la delegaci\u00f3n ensenadense de El Sauzal)\u201d, refiri\u00f3.<\/p>\n<p>Por su parte, Alfonso Loera agradeci\u00f3 tanto \u00e9ste reconocimiento como el recibido durante la semana al ser incluido en otro muro, el del futbol que se encuentra en el campo Nueva Ensenada.<\/p>\n<p>\u201cMe hab\u00eda tocado ver c\u00f3mo reconoc\u00edan a otros deportistas y por fortuna ahora me toca a m\u00ed. Creo que lo que hice fue importante, bastante bueno para merecer estos reconocimientos y lo mejor es que me han llegado muy temprano\u201d, apunt\u00f3.<\/p>\n<p>El ex jugador de Chivas a principios de la d\u00e9cada pasada, consider\u00f3 que \u201ctodos estos eventos de reconocimiento se suman a los recuerdos m\u00e1s valiosos que quedaron\u201d de su paso por \u201clas canchas como profesional\u201d.<\/p>\n<p><img decoding=\"async\" class=\"aligncenter size-full wp-image-2898881\" src=\"http:\/\/agpnoticias.com\/news\/wp-content\/uploads\/2018\/11\/IMG_7061-e1543001788616.jpg\" alt=\"\" width=\"600\" height=\"400\" \/><\/p>\n<p>Y Rosa Aguiar, titular con Xolos el reci\u00e9n finalizado Torneo Apertura 2018, calific\u00f3 como \u201cmuy emocionante recibir este reconocimiento por ser de El Sauzal\u201d.<\/p>\n<p>\u201cYo sal\u00ed de aqu\u00ed, soy de Manchuria (una regi\u00f3n de El Sauzal), y en sus canchas empec\u00e9 a jugar futbol dirigida por Carlos y Alfonso Beltr\u00e1n, para despu\u00e9s pasar por varios equipos de Ensenada\u201d, se\u00f1al\u00f3.<\/p>\n<p>Alfonso Loera dirige a los equipos infantiles de Tigres Cemex en Ensenada, mientras que Rosa Aguiar reportar\u00e1 el lunes con Xolos para iniciar la preparaci\u00f3n con miras al Torneo Clausura 2019.<\/p>\n","protected":false},"excerpt":{"rendered":"<p>Ensenada, Baja California.- Por el momento, no pueden ser parte del Muro de la Fama&#8230;<\/p>\n","protected":false},"author":1,"featured_media":2898883,"comment_status":"open","ping_status":"closed","sticky":false,"template":"","format":"standard","meta":{"footnotes":""},"categories":[7,32,405],"tags":[888],"class_list":["post-2898880","post","type-post","status-publish","format-standard","has-post-thumbnail","hentry","category-deportes","category-soccer","category-sin-categoria-es","tag-destacado2"],"_links":{"self":[{"href":"https:\/\/agpnoticias.com\/news\/index.php?rest_route=\/wp\/v2\/posts\/2898880","targetHints":{"allow":["GET"]}}],"collection":[{"href":"https:\/\/agpnoticias.com\/news\/index.php?rest_route=\/wp\/v2\/posts"}],"about":[{"href":"https:\/\/agpnoticias.com\/news\/index.php?rest_route=\/wp\/v2\/types\/post"}],"author":[{"embeddable":true,"href":"https:\/\/agpnoticias.com\/news\/index.php?rest_route=\/wp\/v2\/users\/1"}],"replies":[{"embeddable":true,"href":"https:\/\/agpnoticias.com\/news\/index.php?rest_route=%2Fwp%2Fv2%2Fcomments&post=2898880"}],"version-history":[{"count":2,"href":"https:\/\/agpnoticias.com\/news\/index.php?rest_route=\/wp\/v2\/posts\/2898880\/revisions"}],"predecessor-version":[{"id":2898885,"href":"https:\/\/agpnoticias.com\/news\/index.php?rest_route=\/wp\/v2\/posts\/2898880\/revisions\/2898885"}],"wp:featuredmedia":[{"embeddable":true,"href":"https:\/\/agpnoticias.com\/news\/index.php?rest_route=\/wp\/v2\/media\/2898883"}],"wp:attachment":[{"href":"https:\/\/agpnoticias.com\/news\/index.php?rest_route=%2Fwp%2Fv2%2Fmedia&parent=2898880"}],"wp:term":[{"taxonomy":"category","embeddable":true,"href":"https:\/\/agpnoticias.com\/news\/index.php?rest_route=%2Fwp%2Fv2%2Fcategories&post=2898880"},{"taxonomy":"post_tag","embeddable":true,"href":"https:\/\/agpnoticias.com\/news\/index.php?rest_route=%2Fwp%2Fv2%2Ftags&post=2898880"}],"curies":[{"name":"wp","href":"https:\/\/api.w.org\/{rel}","templated":true}]}}